{"id":188186,"date":"2025-06-19T10:34:13","date_gmt":"2025-06-19T10:34:13","guid":{"rendered":"https:\/\/www.europesays.com\/fr\/188186\/"},"modified":"2025-06-19T10:34:13","modified_gmt":"2025-06-19T10:34:13","slug":"saint-etienne-vingt-quatre-cadets-de-la-gendarmerie-diplomes-dans-la-loire-2","status":"publish","type":"post","link":"https:\/\/www.europesays.com\/fr\/188186\/","title":{"rendered":"Saint-\u00c9tienne. Vingt-quatre cadets de la gendarmerie dipl\u00f4m\u00e9s dans la Loire"},"content":{"rendered":"<p>24 cadets de la gendarmerie, quatorze filles et dix gar\u00e7ons, \u00e9taient r\u00e9unis, pour la c\u00e9r\u00e9monie de fin de promotion sur le parvis du Mus\u00e9e d\u2019art et d\u2019industrie de Saint-\u00c9tienne.<\/p>\n<p>Cette sixi\u00e8me promotion de la Loire a re\u00e7u les honneurs en grande pompe, pour cette remise de dipl\u00f4me. Bernard Philippon, pr\u00e9sident de l\u2019association des cadets et le colonel Jouglar, commandant du groupement de gendarmerie de Saint-\u00c9tienne, relevaient le caract\u00e8re symbolique du lieu, \u00ab\u00a0symbole de transmission entre un pass\u00e9 glorieux de la ville et notre jeunesse audacieuse. Symbole encore de la date, 18\u00a0juin, jour de l\u2019appel \u00e0 la r\u00e9sistance du g\u00e9n\u00e9ral de Gaulle\u00a0\u00bb.<\/p>\n<p>Des jeunes confort\u00e9s dans leur choix de faire carri\u00e8re au sein de la gendarmerie<\/p>\n<p>Ces jeunes de 16 \u00e0 18 ans sont tous lyc\u00e9ens, ont donn\u00e9 de leur temps, chaque mercredi, accompagn\u00e9s des b\u00e9n\u00e9voles de l\u2019association et des r\u00e9servistes de la gendarmerie. \u00ab\u00a0Vous avez d\u00e9couvert ce qu\u2019est un engagement personnel, collectif et citoyen. Vous avez appris la discipline, le d\u00e9passement de soi et l\u2019attention aux autres\u00a0\u00bb, relevait le colonel Jouglard.<\/p>\n<p>Ils ont, en effet, d\u00e9couvert toutes les unit\u00e9s de la gendarmerie, ainsi que la base d\u2019h\u00e9licopt\u00e8res de Bron. Ils ont encore v\u00e9cu une marche sur les pas des r\u00e9sistants dans le haut Forez, assist\u00e9 \u00e0 une audience correctionnelle, avec les commentaires avis\u00e9s du procureur honoraire Paul Michel, assist\u00e9 \u00e0 une cellule de crise au sein de la pr\u00e9fecture.<\/p>\n<p>Tous les jeunes \u00e9taient satisfaits de cette ann\u00e9e, beaucoup souhaitent faire carri\u00e8re au sein de la gendarmerie. Ils sortent confort\u00e9s dans leur choix.<\/p>\n","protected":false},"excerpt":{"rendered":"24 cadets de la gendarmerie, quatorze filles et dix gar\u00e7ons, \u00e9taient r\u00e9unis, pour la c\u00e9r\u00e9monie de fin de&hellip;\n","protected":false},"author":2,"featured_media":188185,"comment_status":"","ping_status":"","sticky":false,"template":"","format":"standard","meta":{"footnotes":""},"categories":[9653],"tags":[1111,11,2430,7539,1057,1777,674,10961,1011,27,3367,12,25,4001,7538,104],"class_list":{"0":"post-188186","1":"post","2":"type-post","3":"status-publish","4":"format-standard","5":"has-post-thumbnail","7":"category-saint-etienne","8":"tag-actu","9":"tag-actualites","10":"tag-auvergne-rhone-alpes","11":"tag-edition-loire-sud","12":"tag-education","13":"tag-eu","14":"tag-europe","15":"tag-examen-diplome","16":"tag-fr","17":"tag-france","18":"tag-loire","19":"tag-news","20":"tag-republique-francaise","21":"tag-saint-etienne","22":"tag-saint-etienne-ville","23":"tag-societe"},"share_on_mastodon":{"url":"https:\/\/pubeurope.com\/@fr\/114709585463573064","error":""},"_links":{"self":[{"href":"https:\/\/www.europesays.com\/fr\/wp-json\/wp\/v2\/posts\/188186","targetHints":{"allow":["GET"]}}],"collection":[{"href":"https:\/\/www.europesays.com\/fr\/wp-json\/wp\/v2\/posts"}],"about":[{"href":"https:\/\/www.europesays.com\/fr\/wp-json\/wp\/v2\/types\/post"}],"author":[{"embeddable":true,"href":"https:\/\/www.europesays.com\/fr\/wp-json\/wp\/v2\/users\/2"}],"replies":[{"embeddable":true,"href":"https:\/\/www.europesays.com\/fr\/wp-json\/wp\/v2\/comments?post=188186"}],"version-history":[{"count":0,"href":"https:\/\/www.europesays.com\/fr\/wp-json\/wp\/v2\/posts\/188186\/revisions"}],"wp:featuredmedia":[{"embeddable":true,"href":"https:\/\/www.europesays.com\/fr\/wp-json\/wp\/v2\/media\/188185"}],"wp:attachment":[{"href":"https:\/\/www.europesays.com\/fr\/wp-json\/wp\/v2\/media?parent=188186"}],"wp:term":[{"taxonomy":"category","embeddable":true,"href":"https:\/\/www.europesays.com\/fr\/wp-json\/wp\/v2\/categories?post=188186"},{"taxonomy":"post_tag","embeddable":true,"href":"https:\/\/www.europesays.com\/fr\/wp-json\/wp\/v2\/tags?post=188186"}],"curies":[{"name":"wp","href":"https:\/\/api.w.org\/{rel}","templated":true}]}}