{"id":188205,"date":"2025-06-19T10:44:20","date_gmt":"2025-06-19T10:44:20","guid":{"rendered":"https:\/\/www.europesays.com\/fr\/188205\/"},"modified":"2025-06-19T10:44:20","modified_gmt":"2025-06-19T10:44:20","slug":"plusieurs-lignes-perturbees-vendredi-et-samedi-suite-a-la-greve-des-transports-mtag","status":"publish","type":"post","link":"https:\/\/www.europesays.com\/fr\/188205\/","title":{"rendered":"plusieurs lignes perturb\u00e9es vendredi et samedi suite \u00e0 la gr\u00e8ve des transports MTag"},"content":{"rendered":"<p>\t\t\t\t\t\t\t\t\t\t\t<img loading=\"lazy\" decoding=\"async\" width=\"1110\" title=\"Grenoble\u00a0: plusieurs lignes perturb\u00e9es vendredi et samedi suite \u00e0 la gr\u00e8ve des transports MTag\" class=\"img-fluid not_lzld mb-3\" src=\"https:\/\/grandgrenoble.alpes1.com\/media\/news\/thumb\/1110x624_grenoble-plusieurs-lignes-perturbees-vendredi-et-samedi-suite-a-la-greve-des-transports-mtag_6853dab803218.webp\" alt=\"Grenoble\u00a0: plusieurs lignes perturb\u00e9es vendredi et samedi suite \u00e0 la gr\u00e8ve des transports MTag\" itemprop=\"image\" height=\"624\"\/>\t\t\t\t\t\t\t\t\t\t\t\t<\/p>\n<p>Grenoble\u00a0: plusieurs lignes perturb\u00e9es vendredi et samedi suite \u00e0 la gr\u00e8ve des transports MTag &#8211; DR<\/p>\n<p itemprop=\"description\"><strong>Avis aux usagers des transports en commun grenoblois\u00a0: il va falloir prendre votre mal en patience ces vendredi 20 et samedi 21 juin.<\/strong><\/p>\n<p class=\"x_MsoNormal\" style=\"color: #242424; font-style: normal; font-variant-ligatures: normal; font-variant-caps: normal; font-weight: 400; letter-spacing: normal; orphans: 2; text-align: start; text-indent: 0px; text-transform: none; widows: 2; word-spacing: 0px; -webkit-text-stroke-width: 0px; white-space: normal; background-color: #ffffff; text-decoration-thickness: initial; text-decoration-style: initial; text-decoration-color: initial; margin: 0cm 0cm 8pt; line-height: 18.4px; font-size: 12pt; font-family: Calibri, sans-serif;\">Les syndicats FO, Sud, Unsa et CFE-CGC de MTag avaient appel\u00e9 \u00e0 la gr\u00e8ve le 6 juin dernier pour les journ\u00e9es de vendredi 20 et samedi 21 juin, jour de la F\u00eate de la musique. Le r\u00e9seau de transports en commun grenoblois sera donc fortement perturb\u00e9. Plusieurs lignes de bus et de tramways ne seront donc pas assur\u00e9es.<\/p>\n<p class=\"x_MsoNormal\" style=\"color: #242424; font-style: normal; font-variant-ligatures: normal; font-variant-caps: normal; font-weight: 400; letter-spacing: normal; orphans: 2; text-align: start; text-indent: 0px; text-transform: none; widows: 2; word-spacing: 0px; -webkit-text-stroke-width: 0px; white-space: normal; background-color: #ffffff; text-decoration-thickness: initial; text-decoration-style: initial; text-decoration-color: initial; margin: 0cm 0cm 8pt; line-height: 18.4px; font-size: 12pt; font-family: Calibri, sans-serif;\">En cause, les salari\u00e9s de MTag reprochent \u00e0 la direction d\u2019avoir sign\u00e9 \u00ab\u00a0seule\u00a0\u00bb un contrat d\u2019obligation de service public avec le Syndicat mixte des mobilit\u00e9s de l\u2019aire grenobloise (Smmag) et de vouloir augmenter la productivit\u00e9 sans penser aux conditions de travail.<\/p>\n<p class=\"x_MsoNormal\" style=\"color: #242424; font-style: normal; font-variant-ligatures: normal; font-variant-caps: normal; font-weight: 400; letter-spacing: normal; orphans: 2; text-align: start; text-indent: 0px; text-transform: none; widows: 2; word-spacing: 0px; -webkit-text-stroke-width: 0px; white-space: normal; background-color: #ffffff; text-decoration-thickness: initial; text-decoration-style: initial; text-decoration-color: initial; margin: 0cm 0cm 8pt; line-height: 18.4px; font-size: 12pt; font-family: Calibri, sans-serif;\">La soci\u00e9t\u00e9 MTag, quant \u00e0 elle, se d\u00e9fend en expliquant vouloir \u00ab\u00a0se rapprocher des niveaux de performance des r\u00e9seaux de transport de tailles similaires, tout en maintenant une offre de transport de qualit\u00e9 \u00e0 destination des clients.\u00a0\u00bb<\/p>\n<p class=\"x_MsoNormal\" style=\"color: #242424; font-style: normal; font-variant-ligatures: normal; font-variant-caps: normal; font-weight: 400; letter-spacing: normal; orphans: 2; text-align: start; text-indent: 0px; text-transform: none; widows: 2; word-spacing: 0px; -webkit-text-stroke-width: 0px; white-space: normal; background-color: #ffffff; text-decoration-thickness: initial; text-decoration-style: initial; text-decoration-color: initial; margin: 0cm 0cm 8pt; line-height: 18.4px; font-size: 12pt; font-family: Calibri, sans-serif;\">\u00c0 noter que pour les deux prochaines journ\u00e9es, seules les lignes intra-Gr\u00e9sivaudan et intra-Voironnais ne seront pas impact\u00e9es par la gr\u00e8ve.<\/p>\n<p class=\"x_MsoNormal\" style=\"color: #242424; font-style: normal; font-variant-ligatures: normal; font-variant-caps: normal; font-weight: 400; letter-spacing: normal; orphans: 2; text-align: start; text-indent: 0px; text-transform: none; widows: 2; word-spacing: 0px; -webkit-text-stroke-width: 0px; white-space: normal; background-color: #ffffff; text-decoration-thickness: initial; text-decoration-style: initial; text-decoration-color: initial; margin: 0cm 0cm 8pt; line-height: 18.4px; font-size: 12pt; font-family: Calibri, sans-serif;\">Toutes les informations sur la circulation des lignes de transport sont \u00e0 retrouver sur le site Internet et les r\u00e9seaux sociaux de MTag.<\/p>\n","protected":false},"excerpt":{"rendered":"Grenoble\u00a0: plusieurs lignes perturb\u00e9es vendredi et samedi suite \u00e0 la gr\u00e8ve des transports MTag &#8211; DR Avis aux&hellip;\n","protected":false},"author":2,"featured_media":188206,"comment_status":"","ping_status":"","sticky":false,"template":"","format":"standard","meta":{"footnotes":""},"categories":[9566],"tags":[1111,11,7733,8279,2430,7736,650,7734,2889,2263,1777,674,1011,27,2731,8280,6417,1114,108,4662,12,3725,1825,25,7737],"class_list":{"0":"post-188205","1":"post","2":"type-post","3":"status-publish","4":"format-standard","5":"has-post-thumbnail","7":"category-grenoble","8":"tag-actu","9":"tag-actualites","10":"tag-alpes","11":"tag-alpes1","12":"tag-auvergne-rhone-alpes","13":"tag-cds","14":"tag-cinema","15":"tag-ecoute","16":"tag-emission","17":"tag-equipe","18":"tag-eu","19":"tag-europe","20":"tag-fr","21":"tag-france","22":"tag-grenoble","23":"tag-haute","24":"tag-information","25":"tag-infos","26":"tag-isere","27":"tag-journal","28":"tag-news","29":"tag-podcast","30":"tag-radio","31":"tag-republique-francaise","32":"tag-winamp"},"share_on_mastodon":{"url":"https:\/\/pubeurope.com\/@fr\/114709624545272234","error":""},"_links":{"self":[{"href":"https:\/\/www.europesays.com\/fr\/wp-json\/wp\/v2\/posts\/188205","targetHints":{"allow":["GET"]}}],"collection":[{"href":"https:\/\/www.europesays.com\/fr\/wp-json\/wp\/v2\/posts"}],"about":[{"href":"https:\/\/www.europesays.com\/fr\/wp-json\/wp\/v2\/types\/post"}],"author":[{"embeddable":true,"href":"https:\/\/www.europesays.com\/fr\/wp-json\/wp\/v2\/users\/2"}],"replies":[{"embeddable":true,"href":"https:\/\/www.europesays.com\/fr\/wp-json\/wp\/v2\/comments?post=188205"}],"version-history":[{"count":0,"href":"https:\/\/www.europesays.com\/fr\/wp-json\/wp\/v2\/posts\/188205\/revisions"}],"wp:featuredmedia":[{"embeddable":true,"href":"https:\/\/www.europesays.com\/fr\/wp-json\/wp\/v2\/media\/188206"}],"wp:attachment":[{"href":"https:\/\/www.europesays.com\/fr\/wp-json\/wp\/v2\/media?parent=188205"}],"wp:term":[{"taxonomy":"category","embeddable":true,"href":"https:\/\/www.europesays.com\/fr\/wp-json\/wp\/v2\/categories?post=188205"},{"taxonomy":"post_tag","embeddable":true,"href":"https:\/\/www.europesays.com\/fr\/wp-json\/wp\/v2\/tags?post=188205"}],"curies":[{"name":"wp","href":"https:\/\/api.w.org\/{rel}","templated":true}]}}