{"id":188209,"date":"2025-06-19T10:46:12","date_gmt":"2025-06-19T10:46:12","guid":{"rendered":"https:\/\/www.europesays.com\/fr\/188209\/"},"modified":"2025-06-19T10:46:12","modified_gmt":"2025-06-19T10:46:12","slug":"les-trafiquants-operaient-en-partie-pres-de-vitre","status":"publish","type":"post","link":"https:\/\/www.europesays.com\/fr\/188209\/","title":{"rendered":"les trafiquants op\u00e9raient en partie pr\u00e8s de Vitr\u00e9"},"content":{"rendered":"<p>            Par<br \/>\n        <strong><br \/>\n            <a href=\"https:\/\/actu.fr\/auteur\/redaction-jv\" title=\"Consulter tous les articles de R\u00e9daction Vitr\u00e9\" rel=\"nofollow noopener\" target=\"_blank\">R\u00e9daction Vitr\u00e9<\/a><br \/>\n        <\/strong><\/p>\n<p>        Publi\u00e9 le<\/p>\n<p>            19 juin 2025 \u00e0 12h02        <\/p>\n<p><b>Le tribunal correctionnel de Rennes<\/b> a prononc\u00e9, mercredi 18\u00a0juin 2025, <b>huit ans de prison ferme<\/b> \u00e0 l\u2019encontre d\u2019un jeune de 24\u00a0ans de Pontoise (Val-d\u2019Oise), accus\u00e9 d\u2019\u00eatre le principal protagoniste <b>des fusillades <\/b>qui avaient \u00e9clat\u00e9 <b>dans le quartier du Blosne<\/b>, \u00e0 Rennes (Ille-et-Vilaine), entre le 6 et le 9\u00a0d\u00e9cembre 2023.<\/p>\n<p class=\" wall-content\">Pour rappel, plusieurs fusillades successives avaient frapp\u00e9 le quartier\u2009: les hostilit\u00e9s avaient commenc\u00e9 le 6, vers 22\u2009h\u200910, quand des coups de feu avaient \u00e9t\u00e9 tir\u00e9s en direction d\u2019un v\u00e9hicule stationn\u00e9 square de Galicie.<\/p>\n<p class=\" wall-content\">Cinq minutes apr\u00e8s, un v\u00e9hicule suspect\u00e9 d\u2019avoir transport\u00e9 les tireurs \u00e9tait d\u00e9couvert \u00e0 Noyal-Chatillon-sur-Seiche, \u00e0 6\u00a0km de l\u00e0.<\/p>\n<p>Des tirs de gros calibre<\/p>\n<p class=\" wall-content\">Trois jours plus tard, <b>les d\u00e9tonations de gros calibre<\/b> avaient r\u00e9sonn\u00e9 en d\u00e9but de soir\u00e9e, aux abords du n\u00b0\u00a02 de la place du Banat, en plein c\u0153ur du quartier.<\/p>\n<p class=\" wall-content\">Le 18\u00a0d\u00e9cembre 2023, cette fois-ci sur le temps de la pause d\u00e9jeuner, un individu avait \u00e9t\u00e9 signal\u00e9 aux abords du coll\u00e8ge des Hautes-Ourmes\u2009: il se baladait avec <b>une kalachnikov<\/b> et avait m\u00eame pris le bus avec l\u2019arme contre la poitrine.<\/p>\n<p class=\" wall-content\">L\u2019enqu\u00eate avait alors consid\u00e9rablement avanc\u00e9 quand une jeune femme s\u2019\u00e9tait pr\u00e9sent\u00e9e au commissariat de Lens (Pas-de-Calais) pour d\u00e9poser plainte pour <b>des faits de \u00ab\u2009violences conjugales\u2009\u00bb<\/b> contre son ex-compagnon, un jeune de 27\u00a0ans de Mouvaux (Nord).<\/p>\n<p class=\" wall-content\">Elle avait\u00a0expliqu\u00e9 aux policiers qu\u2019il lui avait confi\u00e9 \u00eatre impliqu\u00e9 dans la fusillade survenue le 6\u00a0d\u00e9cembre 2023 \u00e0 Rennes apr\u00e8s \u00eatre rentr\u00e9 chez elle dans la nuit habill\u00e9 tout en noir et cagoul\u00e9.<\/p>\n<p>Se battre pour des territoires<\/p>\n<p class=\" wall-content\">Selon elle, il avait \u00e9t\u00e9 r\u00e9mun\u00e9r\u00e9 <b>200\u00a0\u20ac la journ\u00e9e<\/b> pour un travail de gardien \u2013 c\u2019est-\u00e0-dire <b>\u00ab\u2009se battre\u2009\u00bb pour \u00ab\u2009r\u00e9cup\u00e9rer des territoires\u2009\u00bb.<\/b><\/p>\n<p class=\" wall-content\">Cet homme \u00e9tait ensuite retourn\u00e9 \u00e0 Rennes entre le 12 et le 15\u00a0d\u00e9cembre 2023. Ce mercredi 18\u00a0juin 2025, l\u2019int\u00e9ress\u00e9 a donc \u00e9cop\u00e9 de six ans de prison, tout comme deux de ses co-pr\u00e9venus.<\/p>\n<p class=\" wall-content\">Au total <b>six hommes de 20 \u00e0 33\u00a0ans<\/b>, dont certains avaient trouv\u00e9 refuge dans <b>un logement lou\u00e9 \u00e0 Argentr\u00e9-du-Plessis<\/b>, pr\u00e8s de Vitr\u00e9 \u2013 avaient \u00e9t\u00e9 identifi\u00e9s.<\/p>\n<p>Affaire complexe et in\u00e9dite<\/p>\n<p class=\" wall-content\">En fin de journ\u00e9e, lundi 17\u00a0juin, la procureure de la R\u00e9publique avait insist\u00e9 sur le caract\u00e8re \u00ab\u2009in\u00e9dit\u2009\u00bb de cette affaire \u00ab\u2009complexe\u2009\u00bb pour les avocats de la d\u00e9fense.<\/p>\n<p class=\" wall-content\">\u00ab\u2009On voit appara\u00eetre sur ce point de deal rennais <b>le recrutement d\u2019\u00e9quipes ext\u00e9rieures et structur\u00e9es<\/b>\u2009\u00bb, avait-elle soulign\u00e9.<\/p>\n<p class=\" wall-content\">La plupart des pr\u00e9venus n\u2019\u00e9taient en effet pas originaires de la r\u00e9gion rennaise\u2009: ils ont juste r\u00e9pondu \u00e0 <b>une annonce sur le r\u00e9seau crypt\u00e9 Telegram.<\/b><\/p>\n<p class=\" wall-content\">La r\u00e9cup\u00e9ration du point de deal de la Banat impliquait ainsi le \u00ab\u2009recrutement\u2009\u00bb d\u2019un ensemble d\u2019acteurs allant <b>du simple guetteur<\/b> \u00e0 <b>l\u2019approvisionneur de nourriture et de cigarettes,<\/b> pour au moins 170\u00a0\u20ac par jour, comme l\u2019ont eux-m\u00eames expliqu\u00e9 certains pr\u00e9venus.<b\/><\/p>\n<p>Un logement \u00e0 Argentr\u00e9-du-Plessis \u00e0 disposition<\/p>\n<p class=\" wall-content\">L\u2019un des pr\u00e9venus \u2013 aujourd\u2019hui domicili\u00e9 \u00e0 Saint-Jacques-de-la-Lande \u2013 a expliqu\u00e9 avoir mis \u00e0 disposition <b>son logement d\u2019Argentr\u00e9-du-Plessis<\/b> \u00e0 la demande d\u2019un ami pour h\u00e9berger un autre individu \u00e0 sa sortie de prison.<\/p>\n<p class=\" wall-content\">Plusieurs fois par jour, <b>des \u00ab\u2009navettes\u2009\u00bb<\/b> \u00e9taient donc assur\u00e9es par divers chauffeurs entre Argentr\u00e9-du-Plessis, le point de deal de la Banat et l\u2019appartement du square des Hautes-Ourmes \u00e0 Rennes.<\/p>\n<p class=\" wall-content\">L\u2019un des chauffeurs a toutefois certifi\u00e9 qu\u2019il ne connaissait pas les autres protagonistes du dossier et ne pas voir \u00e9t\u00e9 mis au courant de leurs projets. Il a \u00e9cop\u00e9 de la peine la plus basse, \u00e0 savoir un an de prison avec sursis.<\/p>\n<p>Cinq pr\u00e9venus en d\u00e9tention<\/p>\n<p class=\" wall-content\">L\u2019affaire, initialement ouverte sur la qualification criminelle de \u00ab\u2009tentative de meurtre en bande organis\u00e9e\u2009\u00bb, avait finalement \u00e9t\u00e9 orient\u00e9e vers <b>des qualifications d\u00e9lictuelles.<\/b><\/p>\n<p class=\" wall-content\">\u00ab\u2009Le tribunal n\u2019est pas saisi d\u2019un meurtre\u2009\u00bb bien que les faits soient \u00ab\u2009particuli\u00e8rement choquants\u2009\u00bb, avait soulign\u00e9 une avocate pour r\u00e9duire au maximum les peines prononc\u00e9es.<\/p>\n<p class=\" wall-content\">Au final, cinq des six pr\u00e9venus ont \u00e9t\u00e9 maintenus en d\u00e9tention pour purger d\u2019u<b>n \u00e0\u00a0huit\u00a0ans de prison. <\/b>Tous ont\u00a0dix jours pour faire appel, tout comme le\u00a0parquet\u00a0de Rennes.<\/p>\n<p class=\" wall-content\"><b>LBe (PressPepper)<\/b><\/p>\n<p class=\" wall-content\">Suivez toute l\u2019actualit\u00e9 de vos villes et m\u00e9dias favoris en vous inscrivant \u00e0 <a href=\"https:\/\/moncompte.actu.fr\" title=\"D\u00e9couvez Mon Actu\" rel=\"nofollow noopener\" data-trk=\"{&quot;cta&quot;:{&quot;action&quot;:&quot;https:\\\/\\\/moncompte.actu.fr&quot;,&quot;category&quot;:&quot;mon compte&quot;,&quot;from&quot;:&quot;article footer&quot;,&quot;name&quot;:&quot;Mon actu&quot;,&quot;type&quot;:&quot;cta&quot;}}\" target=\"_blank\">Mon Actu<\/a>.<\/p>\n","protected":false},"excerpt":{"rendered":"Par R\u00e9daction Vitr\u00e9 Publi\u00e9 le 19 juin 2025 \u00e0 12h02 Le tribunal correctionnel de Rennes a prononc\u00e9, mercredi&hellip;\n","protected":false},"author":2,"featured_media":188210,"comment_status":"","ping_status":"","sticky":false,"template":"","format":"standard","meta":{"footnotes":""},"categories":[2821],"tags":[1111,11,829,1777,674,118,1011,27,12,584,25,7501],"class_list":{"0":"post-188209","1":"post","2":"type-post","3":"status-publish","4":"format-standard","5":"has-post-thumbnail","7":"category-rennes","8":"tag-actu","9":"tag-actualites","10":"tag-bretagne","11":"tag-eu","12":"tag-europe","13":"tag-faits-divers","14":"tag-fr","15":"tag-france","16":"tag-news","17":"tag-rennes","18":"tag-republique-francaise","19":"tag-violences-urbaines"},"share_on_mastodon":{"url":"https:\/\/pubeurope.com\/@fr\/114709632344431787","error":""},"_links":{"self":[{"href":"https:\/\/www.europesays.com\/fr\/wp-json\/wp\/v2\/posts\/188209","targetHints":{"allow":["GET"]}}],"collection":[{"href":"https:\/\/www.europesays.com\/fr\/wp-json\/wp\/v2\/posts"}],"about":[{"href":"https:\/\/www.europesays.com\/fr\/wp-json\/wp\/v2\/types\/post"}],"author":[{"embeddable":true,"href":"https:\/\/www.europesays.com\/fr\/wp-json\/wp\/v2\/users\/2"}],"replies":[{"embeddable":true,"href":"https:\/\/www.europesays.com\/fr\/wp-json\/wp\/v2\/comments?post=188209"}],"version-history":[{"count":0,"href":"https:\/\/www.europesays.com\/fr\/wp-json\/wp\/v2\/posts\/188209\/revisions"}],"wp:featuredmedia":[{"embeddable":true,"href":"https:\/\/www.europesays.com\/fr\/wp-json\/wp\/v2\/media\/188210"}],"wp:attachment":[{"href":"https:\/\/www.europesays.com\/fr\/wp-json\/wp\/v2\/media?parent=188209"}],"wp:term":[{"taxonomy":"category","embeddable":true,"href":"https:\/\/www.europesays.com\/fr\/wp-json\/wp\/v2\/categories?post=188209"},{"taxonomy":"post_tag","embeddable":true,"href":"https:\/\/www.europesays.com\/fr\/wp-json\/wp\/v2\/tags?post=188209"}],"curies":[{"name":"wp","href":"https:\/\/api.w.org\/{rel}","templated":true}]}}