{"id":188211,"date":"2025-06-19T10:47:10","date_gmt":"2025-06-19T10:47:10","guid":{"rendered":"https:\/\/www.europesays.com\/fr\/188211\/"},"modified":"2025-06-19T10:47:10","modified_gmt":"2025-06-19T10:47:10","slug":"strasbourg-ouvert-il-y-a-55-ans-en-plein-centre-ville-son-institut-de-beaute-est-menace-de-liquidation","status":"publish","type":"post","link":"https:\/\/www.europesays.com\/fr\/188211\/","title":{"rendered":"Strasbourg. Ouvert il y a 55 ans en plein centre-ville, son institut de beaut\u00e9 est menac\u00e9 de liquidation"},"content":{"rendered":"<p>Elle le sait. Sauf miracle ou business angel tomb\u00e9 du ciel, le 23\u00a0juin, c\u2019est un (tr\u00e8s) gros chapitre de sa vie qu\u2019il lui faudra refermer. En prenant la pose dans l\u2019une des cabines aux tons chauds de son institut de beaut\u00e9, Sophie Bouveret essaie de garder le sourire. Mais le c\u0153ur n\u2019y est pas.<\/p>\n<p>\u00ab\u00a0C\u2019est avec une immense \u00e9motion que je vous \u00e9cris aujourd\u2019hui. Apr\u00e8s 33 ann\u00e9es de passion, de partage et de moments pr\u00e9cieux pass\u00e9s \u00e0 vos c\u00f4t\u00e9s, au service de votre beaut\u00e9 et de votre bien-\u00eatre, l\u2019institut est en redressement judiciaire suite \u00e0 des difficult\u00e9s financi\u00e8res.\u00a0La date butoir du 23\u00a0juin a \u00e9t\u00e9 fix\u00e9e par le tribunal pour redresser la situation. Si \u00e0 cette date, je n\u2019ai pas pu trouver les financements attendus, il sera mis en liquidation judiciaire.\u00a0\u00bb C\u2019est par ce courriel que Sophie Bouveret a annonc\u00e9 la triste nouvelle \u00e0 ses clientes et contacts il y a quelques jours. \u00ab\u00a0Par honn\u00eatet\u00e9\u00a0\u00bb, dit-elle. Un peu comme on lance une bouteille \u00e0 la mer,&#8230;<\/p>\n","protected":false},"excerpt":{"rendered":"Elle le sait. Sauf miracle ou business angel tomb\u00e9 du ciel, le 23\u00a0juin, c\u2019est un (tr\u00e8s) gros chapitre&hellip;\n","protected":false},"author":2,"featured_media":188212,"comment_status":"","ping_status":"","sticky":false,"template":"","format":"standard","meta":{"footnotes":""},"categories":[2820],"tags":[1111,11,1477,4406,130,33,2880,1777,674,107,1011,27,775,12,25,640,2879],"class_list":{"0":"post-188211","1":"post","2":"type-post","3":"status-publish","4":"format-standard","5":"has-post-thumbnail","7":"category-strasbourg","8":"tag-actu","9":"tag-actualites","10":"tag-artisanat","11":"tag-commerce-et-services","12":"tag-consommation","13":"tag-economie","14":"tag-edition-strasbourg","15":"tag-eu","16":"tag-europe","17":"tag-fil-info","18":"tag-fr","19":"tag-france","20":"tag-grand-est","21":"tag-news","22":"tag-republique-francaise","23":"tag-strasbourg","24":"tag-strasbourg-ville"},"share_on_mastodon":{"url":"https:\/\/pubeurope.com\/@fr\/114709636312241062","error":""},"_links":{"self":[{"href":"https:\/\/www.europesays.com\/fr\/wp-json\/wp\/v2\/posts\/188211","targetHints":{"allow":["GET"]}}],"collection":[{"href":"https:\/\/www.europesays.com\/fr\/wp-json\/wp\/v2\/posts"}],"about":[{"href":"https:\/\/www.europesays.com\/fr\/wp-json\/wp\/v2\/types\/post"}],"author":[{"embeddable":true,"href":"https:\/\/www.europesays.com\/fr\/wp-json\/wp\/v2\/users\/2"}],"replies":[{"embeddable":true,"href":"https:\/\/www.europesays.com\/fr\/wp-json\/wp\/v2\/comments?post=188211"}],"version-history":[{"count":0,"href":"https:\/\/www.europesays.com\/fr\/wp-json\/wp\/v2\/posts\/188211\/revisions"}],"wp:featuredmedia":[{"embeddable":true,"href":"https:\/\/www.europesays.com\/fr\/wp-json\/wp\/v2\/media\/188212"}],"wp:attachment":[{"href":"https:\/\/www.europesays.com\/fr\/wp-json\/wp\/v2\/media?parent=188211"}],"wp:term":[{"taxonomy":"category","embeddable":true,"href":"https:\/\/www.europesays.com\/fr\/wp-json\/wp\/v2\/categories?post=188211"},{"taxonomy":"post_tag","embeddable":true,"href":"https:\/\/www.europesays.com\/fr\/wp-json\/wp\/v2\/tags?post=188211"}],"curies":[{"name":"wp","href":"https:\/\/api.w.org\/{rel}","templated":true}]}}