{"id":188227,"date":"2025-06-19T10:55:15","date_gmt":"2025-06-19T10:55:15","guid":{"rendered":"https:\/\/www.europesays.com\/fr\/188227\/"},"modified":"2025-06-19T10:55:15","modified_gmt":"2025-06-19T10:55:15","slug":"toulouse-voici-a-quoi-va-ressembler-lentree-de-la-piscine-nakache-la-plus-frequentee-de-la-ville-lete","status":"publish","type":"post","link":"https:\/\/www.europesays.com\/fr\/188227\/","title":{"rendered":"Toulouse. Voici \u00e0 quoi va ressembler l&rsquo;entr\u00e9e de la piscine Nakache, la plus fr\u00e9quent\u00e9e de la ville l&rsquo;\u00e9t\u00e9"},"content":{"rendered":"<p>            Par<br \/>\n        <strong><br \/>\n            <a href=\"https:\/\/actu.fr\/auteur\/nina-hossein-zadeh\" title=\"Consulter tous les articles de Nina Hossein-Zadeh\" rel=\"nofollow noopener\" target=\"_blank\">Nina Hossein-Zadeh<\/a><br \/>\n        <\/strong><\/p>\n<p>        Publi\u00e9 le<\/p>\n<p>            19 juin 2025 \u00e0 7h12        <\/p>\n<p>Symbole de l\u2019Art D\u00e9co \u00e0 <a href=\"https:\/\/actu.fr\/toulouse\/\" rel=\"nofollow noopener\" target=\"_blank\"><strong>Toulouse<\/strong><\/a>, la piscine Nakache est bien plus qu\u2019un simple bassin municipal. Class\u00e9e monument historique, cette piscine construite en 1934 fait partie du patrimoine affectif de la ville. L\u2019\u00e9t\u00e9, elle accueille des milliers de baigneurs sous le ciel toulousain. <a href=\"https:\/\/actu.fr\/occitanie\/toulouse_31555\/apres-travaux-la-plus-grande-piscine-de-toulouse-ouvre-a-nouveau-pour-l-ete_61265365.html\" rel=\"nofollow noopener\" target=\"_blank\"><strong>Apr\u00e8s des travaux conduits dans le grand bassin<\/strong><\/a>, aujourd\u2019hui, c\u2019est <strong>son entr\u00e9e qui change radicalement de visage.<\/strong> \u00c0 la place du grand parking en goudron qui bordait jusqu\u2019ici la fa\u00e7ade du b\u00e2timent, un nouvel espace enti\u00e8rement v\u00e9g\u00e9talis\u00e9 a \u00e9t\u00e9 d\u00e9voil\u00e9 ce mercredi 18 juin 2025 sur l\u2019\u00eele du Ramier, dans le cadre de la transformation du parc. Voici \u00e0 quoi elle va ressembler.<\/p>\n<p>La nature reprend ses droits \u00e0 l\u2019entr\u00e9e<\/p>\n<p class=\" wall-content\">Ce mercredi 18 juin 2025, <strong>Henri Bava, paysagiste en charge de la transformation de l\u2019ancien parc des Expositions en grand parc urbain<\/strong>, a lev\u00e9 le voile sur l\u2019un des nouveaux am\u00e9nagements embl\u00e9matiques du site\u2009: la requalification de l\u2019entr\u00e9e de la piscine Nakache. Longtemps occup\u00e9 par un vaste parking goudronn\u00e9, l\u2019espace offre d\u00e9sormais un tout autre visage.<\/p>\n<p class=\" wall-content\">\u00ab\u2009Nous sommes face \u00e0 la piscine Nakache dont l\u2019entr\u00e9e sera ouverte sur le parc. Avant il y avait un grand parking, et aujourd\u2019hui, la v\u00e9g\u00e9talisation en est au c\u0153ur avec un \u00eelot de plantations. La transformation est radicale.\u2009\u00bb<\/p>\n<p class=\" wall-content\">\n    <img   decoding=\"async\" loading=\"lazy\" src=\"https:\/\/www.europesays.com\/fr\/wp-content\/uploads\/2025\/06\/avant-allee-du-grand-ramier-exi-960x640.jpg\" alt=\"L'entr\u00e9e de la piscine Nakache, \u00e0 l'\u00e9poque o\u00f9 il y avait un parking.\" width=\"960\" height=\"640\"\/><br \/>\n    L\u2019entr\u00e9e de la piscine Nakache, \u00e0 l\u2019\u00e9poque o\u00f9 il y avait un parking. (\u00a9Mairie de Toulouse)<br \/>\n    <img   decoding=\"async\" loading=\"lazy\" src=\"https:\/\/www.europesays.com\/fr\/wp-content\/uploads\/2025\/06\/nakache-vegetaliser-toulouse-ramier-960x640.jpg\" alt=\"Toulouse Ramier\" width=\"960\" height=\"640\"\/><br \/>\n    La nouvelle entr\u00e9e de la piscine Nakache, compl\u00e8tement v\u00e9g\u00e9talis\u00e9e. (\u00a9Nina Hossein-Zadeh)<\/p>\n<p>Une prairie fleurie et des mousses de cheminement<\/p>\n<p class=\" wall-content\">Fini le sol st\u00e9rile et min\u00e9ralis\u00e9, place \u00e0 un \u00eelot paysager pens\u00e9 pour r\u00e9sister au climat toulousain. Pour Henri Bava, tout est parti de la terre\u2009:<\/p>\n<p class=\" wall-content\">\u00ab\u2009On parle beaucoup des arbres mais les travaux partent du sol qui \u00e9tait st\u00e9rile\u2009: il a fallu casser le sol min\u00e9ral et rajouter de la terre fertile. <strong>On a un paillage sur terrain sec avec des plantes qui vont survivre en cas de fortes chaleurs<\/strong> comme aujourd\u2019hui.\u2009\u00bb<\/p>\n<p class=\" wall-content\">Les visiteurs retrouveront \u00e0 terme une prairie fleurie, des cheminements pi\u00e9tons en mousses fleuries, capables de r\u00e9sister au pi\u00e9tinement et typique de l\u2019\u00eele du ramier, et des zones ombrag\u00e9es avec bancs et tables pour se reposer.<\/p>\n<p>    <img   decoding=\"async\" loading=\"lazy\" src=\"https:\/\/www.europesays.com\/fr\/wp-content\/uploads\/2025\/06\/prairie-piscine-nakache-960x640.jpg\" alt=\"Une v\u00e9ritable prairie fleurie poussera \u00e0 l'entr\u00e9e de la piscine Nakache.\" width=\"960\" height=\"640\"\/><br \/>\n    Une v\u00e9ritable prairie fleurie poussera \u00e0 l\u2019entr\u00e9e de la piscine Nakache. (\u00a9Nina Hossein-Zadeh)Un nouvel espace de restauration<\/p>\n<p class=\" wall-content\">Dans le cadre du r\u00e9am\u00e9nagement du parc de l\u2019\u00eele du Ramier, un nouvel espace va \u00e9galement prendre racine \u00e0 l\u2019entr\u00e9e de la piscine Nakache. <strong>Il s\u2019agit d\u2019un \u00ab\u2009pavillon gourmand\u2009\u00bb, o\u00f9 les nageurs pourront se rendre apr\u00e8s une bonne baignade.<\/strong><\/p>\n<p class=\" wall-content\">Offre de restauration et boissons seront ainsi propos\u00e9es \u00e0 la vente. Ce nouvel espace sera \u00e9galement accessible aux visiteurs du parc.<\/p>\n<p>La r\u00e9novation du petit bassin \u00e0 venir\u2009?<\/p>\n<p class=\" wall-content\">La plus grande piscine de la ville durant l\u2019\u00e9t\u00e9 se refait donc une beaut\u00e9\u2026 Pourtant, son avenir est aujourd\u2019hui incertain. Touch\u00e9e par le vieillissement de sa structure, la piscine n\u00e9cessite d\u2019importants travaux de r\u00e9novation, estim\u00e9s \u00e0 au moins 30\u00a0millions d\u2019euros.<\/p>\n<p class=\" wall-content\">Si le grand bassin a pu \u00eatre rouvert apr\u00e8s des r\u00e9parations temporaires, le petit bassin reste ferm\u00e9 depuis 2022 \u00e0 cause de la corrosion des aciers dans son plancher. L\u2019ensemble du b\u00e2timent n\u00e9cessite \u00e9galement des travaux de r\u00e9novation.<\/p>\n<p class=\" wall-content\">Mais la municipalit\u00e9 n\u2019en pr\u00e9voit pas prochainement\u2009: ce \u00ab\u2009n\u2019est pas une priorit\u00e9\u2009\u00bb, a d\u00e9clar\u00e9 le maire Jean-Luc Moudenc \u00e0 Actu Toulouse il y a quelques semaines. Il pr\u00e9f\u00e8re, dit-il, \u00ab\u2009ajouter des surfaces de nage dans toute la ville\u2009\u00bb , comme avec les nouveaux bassins nordiques de Pech-David ou la future piscine Toulouse-Lautrec.<\/p>\n<p class=\" wall-content\">Suivez toute l\u2019actualit\u00e9 de vos villes et m\u00e9dias favoris en vous inscrivant \u00e0 <a href=\"https:\/\/moncompte.actu.fr\" title=\"D\u00e9couvez Mon Actu\" rel=\"nofollow noopener\" data-trk=\"{&quot;cta&quot;:{&quot;action&quot;:&quot;https:\\\/\\\/moncompte.actu.fr&quot;,&quot;category&quot;:&quot;mon compte&quot;,&quot;from&quot;:&quot;article footer&quot;,&quot;name&quot;:&quot;Mon actu&quot;,&quot;type&quot;:&quot;cta&quot;}}\" target=\"_blank\">Mon Actu<\/a>.<\/p>\n","protected":false},"excerpt":{"rendered":"Par Nina Hossein-Zadeh Publi\u00e9 le 19 juin 2025 \u00e0 7h12 Symbole de l\u2019Art D\u00e9co \u00e0 Toulouse, la piscine&hellip;\n","protected":false},"author":2,"featured_media":188228,"comment_status":"","ping_status":"","sticky":false,"template":"","format":"standard","meta":{"footnotes":""},"categories":[2816],"tags":[1111,11,1777,674,1011,27,12,2680,25,104,2312,2086],"class_list":{"0":"post-188227","1":"post","2":"type-post","3":"status-publish","4":"format-standard","5":"has-post-thumbnail","7":"category-toulouse","8":"tag-actu","9":"tag-actualites","10":"tag-eu","11":"tag-europe","12":"tag-fr","13":"tag-france","14":"tag-news","15":"tag-occitanie","16":"tag-republique-francaise","17":"tag-societe","18":"tag-toulouse","19":"tag-travaux"},"share_on_mastodon":{"url":"https:\/\/pubeurope.com\/@fr\/114709667878749479","error":""},"_links":{"self":[{"href":"https:\/\/www.europesays.com\/fr\/wp-json\/wp\/v2\/posts\/188227","targetHints":{"allow":["GET"]}}],"collection":[{"href":"https:\/\/www.europesays.com\/fr\/wp-json\/wp\/v2\/posts"}],"about":[{"href":"https:\/\/www.europesays.com\/fr\/wp-json\/wp\/v2\/types\/post"}],"author":[{"embeddable":true,"href":"https:\/\/www.europesays.com\/fr\/wp-json\/wp\/v2\/users\/2"}],"replies":[{"embeddable":true,"href":"https:\/\/www.europesays.com\/fr\/wp-json\/wp\/v2\/comments?post=188227"}],"version-history":[{"count":0,"href":"https:\/\/www.europesays.com\/fr\/wp-json\/wp\/v2\/posts\/188227\/revisions"}],"wp:featuredmedia":[{"embeddable":true,"href":"https:\/\/www.europesays.com\/fr\/wp-json\/wp\/v2\/media\/188228"}],"wp:attachment":[{"href":"https:\/\/www.europesays.com\/fr\/wp-json\/wp\/v2\/media?parent=188227"}],"wp:term":[{"taxonomy":"category","embeddable":true,"href":"https:\/\/www.europesays.com\/fr\/wp-json\/wp\/v2\/categories?post=188227"},{"taxonomy":"post_tag","embeddable":true,"href":"https:\/\/www.europesays.com\/fr\/wp-json\/wp\/v2\/tags?post=188227"}],"curies":[{"name":"wp","href":"https:\/\/api.w.org\/{rel}","templated":true}]}}