{"id":188229,"date":"2025-06-19T10:56:08","date_gmt":"2025-06-19T10:56:08","guid":{"rendered":"https:\/\/www.europesays.com\/fr\/188229\/"},"modified":"2025-06-19T10:56:08","modified_gmt":"2025-06-19T10:56:08","slug":"pres-de-toulouse-ces-autoroutes-seront-fermees-jeudi-soir-et-toute-la-nuit-par-ou-circuler","status":"publish","type":"post","link":"https:\/\/www.europesays.com\/fr\/188229\/","title":{"rendered":"Pr\u00e8s de Toulouse. Ces autoroutes seront ferm\u00e9es jeudi soir et toute la nuit, par o\u00f9 circuler"},"content":{"rendered":"<p>            Par<br \/>\n        <strong><br \/>\n            <a href=\"https:\/\/actu.fr\/auteur\/guillaume-laurens\" title=\"Consulter tous les articles de Guillaume Laurens\" target=\"_blank\" rel=\"noopener\">Guillaume Laurens<\/a><br \/>\n        <\/strong><\/p>\n<p>        Publi\u00e9 le<\/p>\n<p>            19 juin 2025 \u00e0 12h48        <\/p>\n<p>Prudence si vous \u00eates habitu\u00e9 de <a href=\"https:\/\/actu.fr\/tag\/autoroute-68-a68\" target=\"_blank\" rel=\"noopener\">l\u2019<strong>A68<\/strong><\/a>. Cette autoroute d\u2019acc\u00e8s \u00e0 la Ville rose, qui relie <strong>Albi<\/strong> (Tarn) \u00e0 <strong>Toulouse<\/strong>, va \u00eatre ferm\u00e9e aux abords du p\u00e9riph\u00e9rique, dans la nuit du <strong>jeudi\u00a019<\/strong> au <strong>vendredi 20\u00a0juin 2025<\/strong>.<\/p>\n<p>\u00ab\u2009Divers travaux\u2009\u00bb \u00e0 mener par Vinci Autoroutes<\/p>\n<p class=\" wall-content\">Inspection des ouvrages d\u2019art, hydro-curage des caniveaux, balayage, r\u00e9paration de glissi\u00e8res\u2026 Vinci Autoroutes indique \u00ab\u2009continuer de mener <strong>divers travaux\u2009\u00bb<\/strong> sur l\u2019A68, tout comme sur <strong>l\u2019A680<\/strong>, cette portion d\u2019autoroute de 7,6\u00a0km entre Castelmaurou et Verfeil, qui relie l\u2019A68 \u00e0 la future A69.<\/p>\n<p class=\" wall-content\">Ces op\u00e9rations \u00ab\u2009n\u00e9cessitent <strong>des fermetures ponctuelles<\/strong> des voies de <strong>l\u2019A68<\/strong> et de <strong>l\u2019A680\u2009\u00bb<\/strong> en cette fin de printemps. Et ce sera donc le cas pour la nuit du jeudi\u00a019 au vendredi 20\u00a0juin 2025.<\/p>\n<p>L\u2019A68 ferm\u00e9e entre Montastruc et L\u2019Union<\/p>\n<p class=\" wall-content\">Concr\u00e8tement, d\u00e8s <strong>21\u00a0heures<\/strong> ce jeudi 19\u00a0juin, et jusqu\u2019\u00e0 <strong>6\u00a0heures<\/strong> le lendemain, <strong>l\u2019A68 sera ferm\u00e9e<\/strong> en direction de Toulouse entre les \u00e9changeurs de <strong>Montastruc<\/strong> (n\u00b03) et <strong>L\u2019Union<\/strong> (n\u00b01).<\/p>\n<p class=\" wall-content\">La <strong>bretelle d\u2019entr\u00e9e sur l\u2019A68<\/strong> depuis le rond-point de Gragnague sera \u00e9galement ferm\u00e9e.<\/p>\n<p>Et l\u2019A680 totalement ferm\u00e9e aussi<\/p>\n<p class=\" wall-content\">Dans le m\u00eame temps, <strong>l\u2019A680,<\/strong> o\u00f9 <a href=\"https:\/\/actu.fr\/occitanie\/gragnague_31228\/autoroute-toulouse-castres-des-equipes-d-ouvriers-de-retour-sur-le-chantier-de-l-a69-ce-qui-redemarre_62751870.html\" target=\"_blank\" rel=\"noopener\">les travaux de doublement ont r\u00e9cemment repris <\/a>apr\u00e8s la d\u00e9cision de la cour administrative d\u2019appel autorisant la poursuite du chantier de l\u2019axe Toulouse-Castres, sera <strong>totalement ferm\u00e9e<\/strong> dans les deux sens de circulation.<\/p>\n<p>Vid\u00e9os : en ce moment sur ActuQuels itin\u00e9raires de d\u00e9viation mis en place\u2009?<\/p>\n<p class=\" wall-content\">Pour guider les automobilistes, Vinci Autoroutes d\u00e9taille les <strong>itin\u00e9raires de d\u00e9viation<\/strong> qui seront mis en place, et fl\u00e9ch\u00e9s \u00e0 l\u2019aide de <strong>panneaux jaunes<\/strong>\u2009:<\/p>\n<ul class=\" wall-content\">\n<li>les conducteurs circulant sur <strong>l\u2019A68 en direction de Toulouse<\/strong> seront invit\u00e9s \u00e0 sortir \u00e0 l\u2019\u00e9changeur de Montastruc (n\u00b03) pour reprendre l\u2019autoroute \u00e0 L\u2019Union (n\u00b01).<\/li>\n<li>les conducteurs <strong>en provenance de Verfeil\/Castres<\/strong> et<strong> en direction de Toulouse<\/strong> seront invit\u00e9s \u00e0 rejoindre l\u2019A68 \u00e0 L\u2019Union via le r\u00e9seau local (RD112, RD59).<\/li>\n<li>les conducteurs circulant sur <strong>l\u2019A68 en direction d\u2019Albi<\/strong> et voulant se rendre dans le secteur de Gragnague ou rejoindre Castres seront invit\u00e9s \u00e0 sortir \u00e0 Montastruc (n\u00b03) afin de suivre les d\u00e9viations sur le r\u00e9seau secondaire (RD888 et RD20, jusqu\u2019au-point de Verfeil).<\/li>\n<\/ul>\n<p class=\" wall-content\">Suivez toute l\u2019actualit\u00e9 de vos villes et m\u00e9dias favoris en vous inscrivant \u00e0 <a href=\"https:\/\/moncompte.actu.fr\" title=\"D\u00e9couvez Mon Actu\" rel=\"nofollow noopener\" data-trk=\"{&quot;cta&quot;:{&quot;action&quot;:&quot;https:\\\/\\\/moncompte.actu.fr&quot;,&quot;category&quot;:&quot;mon compte&quot;,&quot;from&quot;:&quot;article footer&quot;,&quot;name&quot;:&quot;Mon actu&quot;,&quot;type&quot;:&quot;cta&quot;}}\" target=\"_blank\">Mon Actu<\/a>.<\/p>\n","protected":false},"excerpt":{"rendered":"Par Guillaume Laurens Publi\u00e9 le 19 juin 2025 \u00e0 12h48 Prudence si vous \u00eates habitu\u00e9 de l\u2019A68. Cette&hellip;\n","protected":false},"author":2,"featured_media":188230,"comment_status":"","ping_status":"","sticky":false,"template":"","format":"standard","meta":{"footnotes":""},"categories":[2816],"tags":[1111,11,5727,5728,1777,674,1011,27,12,2680,25,104,2312,2086],"class_list":{"0":"post-188229","1":"post","2":"type-post","3":"status-publish","4":"format-standard","5":"has-post-thumbnail","7":"category-toulouse","8":"tag-actu","9":"tag-actualites","10":"tag-autoroute-68-a68","11":"tag-autoroute-castres-toulouse-a69","12":"tag-eu","13":"tag-europe","14":"tag-fr","15":"tag-france","16":"tag-news","17":"tag-occitanie","18":"tag-republique-francaise","19":"tag-societe","20":"tag-toulouse","21":"tag-travaux"},"share_on_mastodon":{"url":"https:\/\/pubeurope.com\/@fr\/114709671688004288","error":""},"_links":{"self":[{"href":"https:\/\/www.europesays.com\/fr\/wp-json\/wp\/v2\/posts\/188229","targetHints":{"allow":["GET"]}}],"collection":[{"href":"https:\/\/www.europesays.com\/fr\/wp-json\/wp\/v2\/posts"}],"about":[{"href":"https:\/\/www.europesays.com\/fr\/wp-json\/wp\/v2\/types\/post"}],"author":[{"embeddable":true,"href":"https:\/\/www.europesays.com\/fr\/wp-json\/wp\/v2\/users\/2"}],"replies":[{"embeddable":true,"href":"https:\/\/www.europesays.com\/fr\/wp-json\/wp\/v2\/comments?post=188229"}],"version-history":[{"count":0,"href":"https:\/\/www.europesays.com\/fr\/wp-json\/wp\/v2\/posts\/188229\/revisions"}],"wp:featuredmedia":[{"embeddable":true,"href":"https:\/\/www.europesays.com\/fr\/wp-json\/wp\/v2\/media\/188230"}],"wp:attachment":[{"href":"https:\/\/www.europesays.com\/fr\/wp-json\/wp\/v2\/media?parent=188229"}],"wp:term":[{"taxonomy":"category","embeddable":true,"href":"https:\/\/www.europesays.com\/fr\/wp-json\/wp\/v2\/categories?post=188229"},{"taxonomy":"post_tag","embeddable":true,"href":"https:\/\/www.europesays.com\/fr\/wp-json\/wp\/v2\/tags?post=188229"}],"curies":[{"name":"wp","href":"https:\/\/api.w.org\/{rel}","templated":true}]}}