{"id":188233,"date":"2025-06-19T10:58:15","date_gmt":"2025-06-19T10:58:15","guid":{"rendered":"https:\/\/www.europesays.com\/fr\/188233\/"},"modified":"2025-06-19T10:58:15","modified_gmt":"2025-06-19T10:58:15","slug":"les-raisons-du-depart-precoce-de-yacine-guesmia","status":"publish","type":"post","link":"https:\/\/www.europesays.com\/fr\/188233\/","title":{"rendered":"Les raisons du d\u00e9part pr\u00e9coce de Yacine Guesmia."},"content":{"rendered":"<p><strong>Le LOSC F\u00e9minin a officialis\u00e9 l\u2019arriv\u00e9e de Mathieu Robail comme nouvel entra\u00eeneur pour la saison 2025-2026 en remplacement de Yacine Guesmia<\/strong>.<\/p>\n<p>Le d\u00e9part de Yacine Guesmia du LOSC F\u00e9minines \u00e0 l\u2019issue de la saison 2024-2025 s\u2019explique principalement par les r\u00e9sultats d\u00e9cevants de l\u2019\u00e9quipe. Malgr\u00e9 un contrat initial de deux ans, la saison s\u2019est conclue par une septi\u00e8me place en Seconde Ligue, loin de l\u2019objectif de remonter en premi\u00e8re ligue Arkema. Le bilan, qualifi\u00e9 de \u00ab contrast\u00e9 \u00bb par le club et de \u00ab moyen \u00bb par Guesmia lui-m\u00eame, a r\u00e9v\u00e9l\u00e9 des lacunes dans la gestion d\u2019effectif et des tensions internes, notamment avec le d\u00e9part d\u2019Ana\u00efs Ribeyra et la sanction disciplinaire de Naomie Bamenga. Des blessures r\u00e9currentes, comme celle de Nesryne El Chad, et une \u00e9quipe jeune ont \u00e9galement compliqu\u00e9 la dynamique. Le LOSC a d\u00e9cid\u00e9 de ne pas renouveler l\u2019aventure avec Guesmia, remerciant son implication tout en officialisant l\u2019arriv\u00e9e de Mathieu Robail pour donner une nouvelle impulsion au projet.<\/p>\n<p>Mathieu Robail\u00a0le nouveau coach arrive avec l\u2019ambition de reconstruire une dynamique comp\u00e9titive pour viser un retour rapide en premi\u00e8re ligue Arkema.\u00a0<\/p>\n<p>\u00a0<\/p>\n<p>\u00a0<\/p>\n<p>\u00a0 \u00a0 \u00a0 \u00a0 \u00a0 \u00a0 \u00a0 Kossigan AGAMAKOU<\/p>\n<p>\u00a0<\/p>\n<p>\u00a9Cr\u00e9dit photo : LOSC\u00a0<\/p>\n<p>                                                                            (function(d, s, id) {<br \/>\n            var js, fjs = d.getElementsByTagName(s)[0];<br \/>\n            if (d.getElementById(id)) return;<br \/>\n            js = d.createElement(s); js.id = id;<br \/>\n            js.src = \u00ab\u00a0\/\/connect.facebook.net\/fr_FR\/sdk.js#xfbml=1&#038;version=v2.8\u00a0\u00bb;<br \/>\n            fjs.parentNode.insertBefore(js, fjs);<br \/>\n        }(document, &lsquo;script&rsquo;, &lsquo;facebook-jssdk&rsquo;));<\/p>\n","protected":false},"excerpt":{"rendered":"Le LOSC F\u00e9minin a officialis\u00e9 l\u2019arriv\u00e9e de Mathieu Robail comme nouvel entra\u00eeneur pour la saison 2025-2026 en remplacement&hellip;\n","protected":false},"author":2,"featured_media":188234,"comment_status":"","ping_status":"","sticky":false,"template":"","format":"standard","meta":{"footnotes":""},"categories":[2815],"tags":[1111,11,6078,1777,674,1011,27,811,1307,2267,12,25,32592,32593],"class_list":{"0":"post-188233","1":"post","2":"type-post","3":"status-publish","4":"format-standard","5":"has-post-thumbnail","7":"category-lille","8":"tag-actu","9":"tag-actualites","10":"tag-coach","11":"tag-eu","12":"tag-europe","13":"tag-fr","14":"tag-france","15":"tag-hauts-de-france","16":"tag-lille","17":"tag-losc","18":"tag-news","19":"tag-republique-francaise","20":"tag-robail","21":"tag-yacine-guesmia"},"share_on_mastodon":{"url":"https:\/\/pubeurope.com\/@fr\/114709679593925903","error":""},"_links":{"self":[{"href":"https:\/\/www.europesays.com\/fr\/wp-json\/wp\/v2\/posts\/188233","targetHints":{"allow":["GET"]}}],"collection":[{"href":"https:\/\/www.europesays.com\/fr\/wp-json\/wp\/v2\/posts"}],"about":[{"href":"https:\/\/www.europesays.com\/fr\/wp-json\/wp\/v2\/types\/post"}],"author":[{"embeddable":true,"href":"https:\/\/www.europesays.com\/fr\/wp-json\/wp\/v2\/users\/2"}],"replies":[{"embeddable":true,"href":"https:\/\/www.europesays.com\/fr\/wp-json\/wp\/v2\/comments?post=188233"}],"version-history":[{"count":0,"href":"https:\/\/www.europesays.com\/fr\/wp-json\/wp\/v2\/posts\/188233\/revisions"}],"wp:featuredmedia":[{"embeddable":true,"href":"https:\/\/www.europesays.com\/fr\/wp-json\/wp\/v2\/media\/188234"}],"wp:attachment":[{"href":"https:\/\/www.europesays.com\/fr\/wp-json\/wp\/v2\/media?parent=188233"}],"wp:term":[{"taxonomy":"category","embeddable":true,"href":"https:\/\/www.europesays.com\/fr\/wp-json\/wp\/v2\/categories?post=188233"},{"taxonomy":"post_tag","embeddable":true,"href":"https:\/\/www.europesays.com\/fr\/wp-json\/wp\/v2\/tags?post=188233"}],"curies":[{"name":"wp","href":"https:\/\/api.w.org\/{rel}","templated":true}]}}