{"id":188235,"date":"2025-06-19T10:59:12","date_gmt":"2025-06-19T10:59:12","guid":{"rendered":"https:\/\/www.europesays.com\/fr\/188235\/"},"modified":"2025-06-19T10:59:12","modified_gmt":"2025-06-19T10:59:12","slug":"marseille-cest-quoi-ces-gros-soleils-qui-fleurissent-sur-le-vieux-port","status":"publish","type":"post","link":"https:\/\/www.europesays.com\/fr\/188235\/","title":{"rendered":"Marseille. C&rsquo;est quoi ces gros soleils qui fleurissent sur le Vieux-Port\u00a0?"},"content":{"rendered":"<p>            Par<br \/>\n        <strong><br \/>\n            <a href=\"https:\/\/actu.fr\/auteur\/fabien-binacchi\" title=\"Consulter tous les articles de Fabien Binacchi\" rel=\"nofollow noopener\" target=\"_blank\">Fabien Binacchi<\/a><br \/>\n        <\/strong><\/p>\n<p>        Publi\u00e9 le<\/p>\n<p>            19 juin 2025 \u00e0 12h18        <\/p>\n<p>Des d\u00e9corations de No\u00ebl, en plein mois de juin\u2009? Vous les avez peut-\u00eatre aper\u00e7us tout autour du <a href=\"https:\/\/actu.fr\/tag\/vieux-port\" rel=\"nofollow noopener\" target=\"_blank\">Vieux-Port<\/a> de <a href=\"https:\/\/actu.fr\/marseille\/\" rel=\"nofollow noopener\" target=\"_blank\">Marseille<\/a>. Ils rappellent un peu, s\u2019il le fallait, <a href=\"https:\/\/actu.fr\/provence-alpes-cote-d-azur\/marseille_13055\/intense-vague-de-chaleur-a-marseille-et-dans-les-bouches-du-rhone-la-canicule-arrive_62793596.html\" rel=\"nofollow noopener\" target=\"_blank\">la chaleur ambiante qui va encore monter d\u2019un cran<\/a> dans les jours \u00e0 venir. Des soleils d\u00e9coratifs sont <strong>install\u00e9s \u00ab\u2009un peu partout en ville\u2009\u00bb<\/strong>, confirme la mairie \u00e0 actu Marseille. Et c\u2019est une \u00ab\u2009premi\u00e8re\u2009\u00bb.<\/p>\n<p class=\" wall-content\">Que font-ils l\u00e0\u2009? On vous explique.<\/p>\n<p>Pour la programmation L\u2019\u00c9t\u00e9 marseillais<\/p>\n<p class=\" wall-content\">Sur les quais du Vieux-Port, ils sont visibles de loin, <strong>fix\u00e9s en haut des cand\u00e9labres.<\/strong> \u00ab\u2009Les \u00e9quipes de la r\u00e9gie municipale installent ces d\u00e9corations en ce moment et jusqu\u2019\u00e0 [ce jeudi 19\u00a0juin]\u2009\u00bb dans la soir\u00e9e, indique-t-on du c\u00f4t\u00e9 de l\u2019h\u00f4tel de ville.<\/p>\n<p class=\" wall-content\"><strong>\u00ab\u2009C\u2019est la premi\u00e8re fois\u2009\u00bb<\/strong> que la cit\u00e9 phoc\u00e9enne se pare ainsi \u00e0 cette \u00e9poque de l\u2019ann\u00e9e et c\u2019est pour une bonne raison\u2009: \u00ab\u2009La ville prend des couleurs estivales, ce sont les habillages install\u00e9s pour L\u2019\u00c9t\u00e9 marseillais\u2009\u00bb, pr\u00e9cise encore la Mairie \u00e0 notre r\u00e9daction.<\/p>\n<p>La 6e \u00e9dition d\u00e9voil\u00e9e le 23\u00a0juin<\/p>\n<p class=\" wall-content\">Ils reprennent en effet le logo de cette programmation qui va bient\u00f4t faire son grand retour. Selon <a href=\"https:\/\/etemarseillais.fr\/\" rel=\"nofollow noopener\" target=\"_blank\">le site Internet d\u00e9di\u00e9,<\/a> le menu de cette 6e \u00e9dition sera r\u00e9v\u00e9l\u00e9 le lundi 23\u00a0juin, mais le grand concert pr\u00e9vu ce samedi 21\u00a0juin, juste devant la mairie, <strong>\u00e0 l\u2019occasion de la F\u00eate de la musique,<\/strong> en donnera le coup d\u2019envoi. Le premier \u00e9v\u00e9nement d\u2019une longue s\u00e9rie.<\/p>\n<p>Vid\u00e9os : en ce moment sur Actu<\/p>\n<p class=\" wall-content\">\n<p class=\" wall-content\">Les derni\u00e8res ann\u00e9es, une sc\u00e8ne flottante avait \u00e9t\u00e9 install\u00e9e juste en en face de l\u2019h\u00f4tel de ville, pour l\u2019organisation d\u2019<strong>une dizaine de concerts entre juillet et ao\u00fbt.<\/strong><\/p>\n<p>Visibles aussi la nuit<\/p>\n<p class=\" wall-content\">Des activit\u00e9s culturelles, sportives et ludiques enti\u00e8rement gratuites et accessibles \u00e0 tous seront pr\u00e9vues dans tous les quartiers, comme les ann\u00e9es pr\u00e9c\u00e9dentes.<\/p>\n<p>    <a href=\"https:\/\/www.facebook.com\/plugins\/video.php?height=476&amp;href=https%3A%2F%2Fwww.facebook.com%2Frosemarie.hamaideacosta%2Fvideos%2F1373796497187222%2F%3Fidorvanity%3D452135768951005&amp;show_text=false&amp;width=350&amp;t=0\" title=\"Ouvrie le lien\" rel=\"nofollow noopener\" target=\"_blank\">Cliquez ici pour visualiser le contenu<\/a><\/p>\n<p class=\" wall-content\">Les soleils d\u00e9coratifs sont d\u2019ailleurs install\u00e9s dans \u00ab\u2009tous les spots qui accueillent l\u2019\u00c9t\u00e9 marseillais, donc un peu partout en ville\u2009\u00bb, confirme la municipalit\u00e9. Un immense logo a notamment \u00e9t\u00e9 pos\u00e9 sur la place Castellane, fra\u00eechement r\u00e9nov\u00e9e. Comme l\u2019a constat\u00e9 actu Marseille, <strong>ces d\u00e9corations seront aussi bien visibles la nuit<\/strong>. Elles sont branch\u00e9es.<\/p>\n<p class=\" wall-content\">Suivez toute l\u2019actualit\u00e9 de vos villes et m\u00e9dias favoris en vous inscrivant \u00e0 <a href=\"https:\/\/moncompte.actu.fr\" title=\"D\u00e9couvez Mon Actu\" rel=\"nofollow noopener\" data-trk=\"{&quot;cta&quot;:{&quot;action&quot;:&quot;https:\\\/\\\/moncompte.actu.fr&quot;,&quot;category&quot;:&quot;mon compte&quot;,&quot;from&quot;:&quot;article footer&quot;,&quot;name&quot;:&quot;Mon actu&quot;,&quot;type&quot;:&quot;cta&quot;}}\" target=\"_blank\">Mon Actu<\/a>.<\/p>\n","protected":false},"excerpt":{"rendered":"Par Fabien Binacchi Publi\u00e9 le 19 juin 2025 \u00e0 12h18 Des d\u00e9corations de No\u00ebl, en plein mois de&hellip;\n","protected":false},"author":2,"featured_media":188236,"comment_status":"","ping_status":"","sticky":false,"template":"","format":"standard","meta":{"footnotes":""},"categories":[2814],"tags":[1111,11,1777,674,1011,27,1757,884,12,882,25,1179],"class_list":{"0":"post-188235","1":"post","2":"type-post","3":"status-publish","4":"format-standard","5":"has-post-thumbnail","7":"category-marseille","8":"tag-actu","9":"tag-actualites","10":"tag-eu","11":"tag-europe","12":"tag-fr","13":"tag-france","14":"tag-insolite","15":"tag-marseille","16":"tag-news","17":"tag-provence-alpes-cote-dazur","18":"tag-republique-francaise","19":"tag-vieux-port"},"share_on_mastodon":{"url":"https:\/\/pubeurope.com\/@fr\/114709683530511571","error":""},"_links":{"self":[{"href":"https:\/\/www.europesays.com\/fr\/wp-json\/wp\/v2\/posts\/188235","targetHints":{"allow":["GET"]}}],"collection":[{"href":"https:\/\/www.europesays.com\/fr\/wp-json\/wp\/v2\/posts"}],"about":[{"href":"https:\/\/www.europesays.com\/fr\/wp-json\/wp\/v2\/types\/post"}],"author":[{"embeddable":true,"href":"https:\/\/www.europesays.com\/fr\/wp-json\/wp\/v2\/users\/2"}],"replies":[{"embeddable":true,"href":"https:\/\/www.europesays.com\/fr\/wp-json\/wp\/v2\/comments?post=188235"}],"version-history":[{"count":0,"href":"https:\/\/www.europesays.com\/fr\/wp-json\/wp\/v2\/posts\/188235\/revisions"}],"wp:featuredmedia":[{"embeddable":true,"href":"https:\/\/www.europesays.com\/fr\/wp-json\/wp\/v2\/media\/188236"}],"wp:attachment":[{"href":"https:\/\/www.europesays.com\/fr\/wp-json\/wp\/v2\/media?parent=188235"}],"wp:term":[{"taxonomy":"category","embeddable":true,"href":"https:\/\/www.europesays.com\/fr\/wp-json\/wp\/v2\/categories?post=188235"},{"taxonomy":"post_tag","embeddable":true,"href":"https:\/\/www.europesays.com\/fr\/wp-json\/wp\/v2\/tags?post=188235"}],"curies":[{"name":"wp","href":"https:\/\/api.w.org\/{rel}","templated":true}]}}