{"id":188247,"date":"2025-06-19T11:05:08","date_gmt":"2025-06-19T11:05:08","guid":{"rendered":"https:\/\/www.europesays.com\/fr\/188247\/"},"modified":"2025-06-19T11:05:08","modified_gmt":"2025-06-19T11:05:08","slug":"vente-dobjets-ayant-appartenu-a-napoleon-ier-une-ecole-orchestre-menacee-linfo-a-midi-en-ile-de-france","status":"publish","type":"post","link":"https:\/\/www.europesays.com\/fr\/188247\/","title":{"rendered":"Vente d&rsquo;objets ayant appartenu \u00e0 Napol\u00e9on Ier, une \u00e9cole orchestre menac\u00e9e&#8230; L&rsquo;info \u00e0 midi en \u00cele-de-France"},"content":{"rendered":"<p>            Par<br \/>\n        <strong><br \/>\n            <a href=\"https:\/\/actu.fr\/auteur\/redaction-paris\" title=\"Consulter tous les articles de R\u00e9daction Paris\" rel=\"nofollow noopener\" target=\"_blank\">R\u00e9daction Paris<\/a><br \/>\n        <\/strong><\/p>\n<p>        Publi\u00e9 le<\/p>\n<p>            19 juin 2025 \u00e0 11h54        <\/p>\n<p>La vague de chaleur qui s\u2019abat sur l\u2019\u00cele-de-France est au c\u0153ur de l\u2019actualit\u00e9 de ce jeudi 19\u00a0juin 2025. Que s\u2019est-il pass\u00e9 d\u2019autres\u2009? Voici l\u2019essentiel de l\u2019information \u00e0 midi\u2009: en Seine-et-Marne, un descendant direct de Napol\u00e9on 1er organise une vente d\u2019objets ayant appartenu \u00e0 l\u2019empereur, dans le Val-de-Marne, la seule \u00e9cole orchestre de France est menac\u00e9e de fermeture et les Yvelines c\u00e9l\u00e8brent la gymnaste Ma\u00eblys Laporte.<\/p>\n<p>Les informations \u00e0 retenir ce jeudi 19\u00a0juin 2025, \u00e0 midi, en \u00cele-de-France<\/p>\n<p class=\"expresso-item wall-content\"><strong>Yvelines. <\/strong><a title=\"Lire l&#039;article\" href=\"https:\/\/actu.fr\/ile-de-france\/plaisir_78490\/gymnastique-rythmique-lyvelinoise-maelys-laporte-la-femme-qui-jongle-avec-un-ruban-entre-dans-lhistoire_62791578.html\" rel=\"nofollow noopener\" target=\"_blank\">Gymnastique rythmique\u2009: Ma\u00eblys Laporte, la femme qui jongle avec un ruban, entre dans l\u2019histoire<\/a><br \/>Originaire de Plaisir (Yvelines), Ma\u00eblys Laporte est devenue vice-championne d\u2019Europe de gymnastique rythmique aux cinq rubans avec l\u2019Ensemble France. C\u2019est historique\u2009! Portrait.<\/p>\n<p class=\"expresso-item wall-content\"><strong>Seine-et-Marne. <\/strong><a title=\"Lire l&#039;article\" href=\"https:\/\/actu.fr\/ile-de-france\/fontainebleau_77186\/cheveux-mouchoir-portrait-un-descendant-direct-de-napoleon-ier-disperse-ses-tresors-a-fontainebleau_62782146.html\" rel=\"nofollow noopener\" target=\"_blank\">Cheveux, mouchoir, portrait\u2026 un descendant direct de Napol\u00e9on Ier disperse ses tr\u00e9sors \u00e0 Fontainebleau<\/a><br \/>La Maison Osenat de Fontainebleau propose une vente d\u2019objets in\u00e9dits, issus de la collection du comte Charles-Andr\u00e9 Colonna Walewski, descendant direct de Napol\u00e9on Ier. D\u00e9tails.<\/p>\n<p class=\"expresso-item wall-content\"><strong>Val-de-Marne. <\/strong><a title=\"Lire l&#039;article\" href=\"https:\/\/actu.fr\/ile-de-france\/nogent-sur-marne_94052\/val-de-marne-l-unique-ecole-orchestre-de-france-sur-la-corde-raide-on-nous-coupe-l-herbe-sous-le-pied_62784152.html\" rel=\"nofollow noopener\" target=\"_blank\">L\u2019unique \u00e9cole orchestre de France sur la corde raide\u2009: \u00ab\u2009On nous coupe l\u2019herbe sous le pied\u2009\u00bb<\/a><br \/>L\u2019\u00e9cole Guy M\u00f4quet, \u00e0 Nogent-sur-Marne, a mont\u00e9 un orchestre \u00e0 l\u2019\u00e9chelle de tout l\u2019\u00e9tablissement. Un projet \u00ab\u2009unique en France\u2009\u00bb, aujourd\u2019hui menac\u00e9 par les restrictions budg\u00e9taires.<\/p>\n<p class=\"expresso-item wall-content\"><strong>Paris. <\/strong><a title=\"Lire l&#039;article\" href=\"https:\/\/actu.fr\/ile-de-france\/paris_75056\/ratp-une-greve-annoncee-dans-le-metro-a-paris-des-perturbations-attendues-sur-plusieurs-lignes_62792070.html\" rel=\"nofollow noopener\" target=\"_blank\">RATP\u2009: Une gr\u00e8ve annonc\u00e9e dans le m\u00e9tro\u2009: des perturbations attendues sur plusieurs lignes<\/a><br \/>Plusieurs lignes de m\u00e9tro vont \u00eatre impact\u00e9es par un mouvement social, vendredi 20\u00a0juin. actu Paris fait le point sur les perturbations pour les usagers concern\u00e9s.<\/p>\n<p class=\"expresso-item wall-content\"><strong>Seine-Saint-Denis. <\/strong><a title=\"Lire l&#039;article\" href=\"https:\/\/actu.fr\/societe\/seine-saint-denis-deux-commerces-de-la-meme-ville-ferment-en-urgence-apres-des-controles-sanitaires_62793729.html\" rel=\"nofollow noopener\" target=\"_blank\">Deux commerces de la m\u00eame ville ferment en urgence apr\u00e8s des contr\u00f4les sanitaires<\/a><br \/>La pr\u00e9fecture de Seine-Saint-Denis a ordonn\u00e9, en urgence, la fermeture d\u2019un kebab et d\u2019une boulangerie apr\u00e8s un contr\u00f4le sanitaire qui a r\u00e9v\u00e9l\u00e9 un manque d\u2019hygi\u00e8ne.<\/p>\n<p class=\" wall-content\"><strong>Suivez-nous pour en savoir plus\u2009!<\/strong><br \/>Vous voulez plus d\u2019infos sur l\u2019\u00cele-de-France\u2009? Vous pouvez nous retrouver sur Actu \u00cele-de-France. Pour nous suivre sur les r\u00e9seaux sociaux, dans vos d\u00e9partements\u2009:<\/p>\n<p class=\" wall-content\"><strong>Paris<\/strong>\u2009: retrouvez\u00a0actu\u00a0Paris\u00a0sur\u00a0<a href=\"https:\/\/www.facebook.com\/actufr.paris\/\" rel=\"nofollow noopener\" target=\"_blank\">Facebook<\/a>\u00a0et\u00a0<a href=\"https:\/\/twitter.com\/actufrparis\" rel=\"nofollow noopener\" target=\"_blank\">Twitter<\/a>\u2009;<br \/><strong>Seine-et-Marne<\/strong>\u2009: retrouvez\u00a0La R\u00e9publique de Seine-et-Marne (sud) sur\u00a0<a href=\"https:\/\/www.facebook.com\/RepubliqueSeineMarne\/\" rel=\"nofollow noopener\" target=\"_blank\">Facebook<\/a>\u00a0et\u00a0<a href=\"https:\/\/twitter.com\/LaRep77\" rel=\"nofollow noopener\" target=\"_blank\">Twitter<\/a>\u2009; La Marne (nord) sur\u00a0<a href=\"https:\/\/www.facebook.com\/journallarmarne\/?__tn__=%2Cd%2CP-R&amp;eid=ARDLZc91LaHbXzDwChLLLQJVMBLx_ABJremTC2-RG0CYvg0f4f8CLvbV5G1Lli4g_6QoXDcKkU1_LX1W\" rel=\"nofollow noopener\" target=\"_blank\">Facebook<\/a>\u00a0et\u00a0<a href=\"https:\/\/twitter.com\/JournalLaMarne\" rel=\"nofollow noopener\" target=\"_blank\">Twitter<\/a>\u2009; et\u00a0Le Pays Briard\u00a0sur\u00a0<a href=\"https:\/\/www.facebook.com\/LePaysBriard\/?ref=bookmarks\" rel=\"nofollow noopener\" target=\"_blank\">Facebook<\/a>\u00a0et\u00a0<a href=\"https:\/\/twitter.com\/LePaysBriard\" rel=\"nofollow noopener\" target=\"_blank\">Twitter<\/a>\u2009;<br \/><strong>Yvelines\u2009:<\/strong> retrouvez\u00a078actu\u00a0sur\u00a0<a href=\"https:\/\/www.facebook.com\/78actu\/\" rel=\"nofollow noopener\" target=\"_blank\">Facebook<\/a>\u00a0et\u00a0<a href=\"https:\/\/x.com\/78actu\" rel=\"nofollow\">Twitter<\/a>\u2009;<br \/><strong>Essonne\u2009:<\/strong> retrouvez\u00a0actu Essonne\u00a0sur\u00a0<a href=\"https:\/\/www.facebook.com\/actuessonne\/?ref=br_rs\" rel=\"nofollow noopener\" target=\"_blank\">Facebook<\/a>\u00a0et\u00a0<a href=\"https:\/\/twitter.com\/ActuEssonne\" rel=\"nofollow noopener\" target=\"_blank\">Twitter<\/a>\u2009;<br \/><strong>Hauts-de-Seine\u2009:<\/strong> retrouvez\u00a0actu\u00a0Hauts-de-Seine\u00a0sur\u00a0<a href=\"https:\/\/www.facebook.com\/actufr.hautsdeseine\/\" rel=\"nofollow noopener\" target=\"_blank\">Facebook<\/a>\u00a0et\u00a0<a href=\"https:\/\/twitter.com\/actufr92\" rel=\"nofollow noopener\" target=\"_blank\">Twitter<\/a>\u2009;<br \/><strong>Seine-Saint-Denis\u2009:<\/strong> retrouvez actu Seine-Saint-Denis sur\u00a0<a href=\"https:\/\/www.facebook.com\/actufr.seinesaintdenis\/\" rel=\"nofollow noopener\" target=\"_blank\">Facebook<\/a>\u00a0et\u00a0<a href=\"https:\/\/x.com\/Actufr93\" rel=\"nofollow\">Twitter<\/a>\u2009;<br \/><strong>Val-de-Marne\u2009:<\/strong> retrouvez actu Val-de-Marne sur\u00a0<a href=\"https:\/\/www.facebook.com\/actu94.valdemarne\/\" rel=\"nofollow noopener\" target=\"_blank\">Facebook\u00a0<\/a>et\u00a0<a href=\"https:\/\/x.com\/actufr94\" rel=\"nofollow\">Twitter\u2009<\/a>;<br \/><strong>Val-d\u2019Oise\u2009:<\/strong> retrouvez La Gazette du Val-d\u2019Oise sur\u00a0<a href=\"https:\/\/x.com\/actufr94\" rel=\"nofollow\">Twitter<\/a><\/p>\n<p class=\" wall-content\">Suivez toute l\u2019actualit\u00e9 de vos villes et m\u00e9dias favoris en vous inscrivant \u00e0 <a href=\"https:\/\/moncompte.actu.fr\" title=\"D\u00e9couvez Mon Actu\" rel=\"nofollow noopener\" data-trk=\"{&quot;cta&quot;:{&quot;action&quot;:&quot;https:\\\/\\\/moncompte.actu.fr&quot;,&quot;category&quot;:&quot;mon compte&quot;,&quot;from&quot;:&quot;article footer&quot;,&quot;name&quot;:&quot;Mon actu&quot;,&quot;type&quot;:&quot;cta&quot;}}\" target=\"_blank\">Mon Actu<\/a>.<\/p>\n<p>                    <script async src=\"https:\/\/platform.twitter.com\/widgets.js\" charset=\"utf-8\"><\/script><\/p>\n","protected":false},"excerpt":{"rendered":"Par R\u00e9daction Paris Publi\u00e9 le 19 juin 2025 \u00e0 11h54 La vague de chaleur qui s\u2019abat sur l\u2019\u00cele-de-France&hellip;\n","protected":false},"author":2,"featured_media":188248,"comment_status":"","ping_status":"","sticky":false,"template":"","format":"standard","meta":{"footnotes":""},"categories":[1888],"tags":[1111,1928,11,1927,215,1777,674,1011,27,23977,12,1926,626,1925,625,25,104],"class_list":{"0":"post-188247","1":"post","2":"type-post","3":"status-publish","4":"format-standard","5":"has-post-thumbnail","7":"category-paris","8":"tag-actu","9":"tag-actu-paris","10":"tag-actualites","11":"tag-actualites-paris","12":"tag-commerce","13":"tag-eu","14":"tag-europe","15":"tag-fr","16":"tag-france","17":"tag-napoleon","18":"tag-news","19":"tag-news-paris","20":"tag-paris","21":"tag-paris-news","22":"tag-ratp","23":"tag-republique-francaise","24":"tag-societe"},"share_on_mastodon":{"url":"https:\/\/pubeurope.com\/@fr\/114709708261802704","error":""},"_links":{"self":[{"href":"https:\/\/www.europesays.com\/fr\/wp-json\/wp\/v2\/posts\/188247","targetHints":{"allow":["GET"]}}],"collection":[{"href":"https:\/\/www.europesays.com\/fr\/wp-json\/wp\/v2\/posts"}],"about":[{"href":"https:\/\/www.europesays.com\/fr\/wp-json\/wp\/v2\/types\/post"}],"author":[{"embeddable":true,"href":"https:\/\/www.europesays.com\/fr\/wp-json\/wp\/v2\/users\/2"}],"replies":[{"embeddable":true,"href":"https:\/\/www.europesays.com\/fr\/wp-json\/wp\/v2\/comments?post=188247"}],"version-history":[{"count":0,"href":"https:\/\/www.europesays.com\/fr\/wp-json\/wp\/v2\/posts\/188247\/revisions"}],"wp:featuredmedia":[{"embeddable":true,"href":"https:\/\/www.europesays.com\/fr\/wp-json\/wp\/v2\/media\/188248"}],"wp:attachment":[{"href":"https:\/\/www.europesays.com\/fr\/wp-json\/wp\/v2\/media?parent=188247"}],"wp:term":[{"taxonomy":"category","embeddable":true,"href":"https:\/\/www.europesays.com\/fr\/wp-json\/wp\/v2\/categories?post=188247"},{"taxonomy":"post_tag","embeddable":true,"href":"https:\/\/www.europesays.com\/fr\/wp-json\/wp\/v2\/tags?post=188247"}],"curies":[{"name":"wp","href":"https:\/\/api.w.org\/{rel}","templated":true}]}}