{"id":188249,"date":"2025-06-19T11:06:46","date_gmt":"2025-06-19T11:06:46","guid":{"rendered":"https:\/\/www.europesays.com\/fr\/188249\/"},"modified":"2025-06-19T11:06:46","modified_gmt":"2025-06-19T11:06:46","slug":"canicule-sur-paris-et-lile-de-france-ce-week-end-jusqua-37c-3","status":"publish","type":"post","link":"https:\/\/www.europesays.com\/fr\/188249\/","title":{"rendered":"Canicule sur Paris et l&rsquo;Ile-de-France ce week-end : jusqu&rsquo;\u00e0 37\u00b0C"},"content":{"rendered":"<p>Un \u00e9pisode intense de chaleur va \u00e9craser la r\u00e9gion parisienne d\u00e8s vendredi, avec des maximales pouvant atteindre 35 \u00e0 37\u00b0C. Il conviendra de prendre toutes les pr\u00e9cautions habituelles pour supporter au mieux cette vague de chaleur. Voici ce qui vous attend.<\/p>\n<p><a class=\"link\" href=\"https:\/\/fr.news.yahoo.com\/canicule-paris-lile-france-week-145522038.html\" data-ylk=\"\" target=\"_blank\" rel=\"noopener\"><img decoding=\"async\" class=\"caas-img caas-lazy\" alt=\"video\" src=\"https:\/\/www.europesays.com\/fr\/wp-content\/uploads\/2025\/06\/0db3149d2576c4a17a5cf69617e28edf.jpeg\"\/><\/a><\/p>\n<p>\ud83c\udfac Vid\u00e9o &#8211; La Cha\u00eene M\u00e9t\u00e9o &#8211; Canicule \u00e0 Paris ce week-end<\/p>\n<p>Un puissant anticyclone s\u2019installe, poussant une masse d\u2019air chaud (d\u2019origine saharienne et ib\u00e9rique) vers la capitale. L\u2019\u00cele-de-France s\u2019appr\u00eate \u00e0 vivre une premi\u00e8re canicule estivale pr\u00e9coce, rappelant celles de 2019 et 2022. N\u00e9anmoins, des pr\u00e9c\u00e9dents existent, notamment en 1947, ann\u00e9e du record de chaleur pour un mois de juin \u00e0 Paris avec 37,6\u00b0C.<\/p>\n<p><strong>Ce qui vous attend ce week-end<\/strong><\/p>\n<p><img decoding=\"async\" class=\"caas-img caas-lazy has-preview\" alt=\"Nuits tropicales de week-end sur l'Ile-de-France\" src=\"https:\/\/www.europesays.com\/fr\/wp-content\/uploads\/2025\/06\/008229d940086948ab3e68a393c134ff.jpeg\"\/><\/p>\n<p>Nuits tropicales de week-end sur l&rsquo;Ile-de-France &#8211; \u00a9 La Cha\u00eene M\u00e9t\u00e9o<\/p>\n<p>Selon nos pr\u00e9visions, les temp\u00e9ratures grimperont \u00e0 33 \u00b0C vendredi. Le pic est attendu samedi et dimanche, avec des maximales de <strong>35 \u00b0C \u00e0 37 \u00b0C<\/strong>, et ressentis jusqu\u2019\u00e0 40\u00b0C sous un ciel ensoleill\u00e9 et sans vent notable. Cette situation sera propice \u00e0 un pic de <a href=\"https:\/\/www.lachainemeteo.com\/videos-meteo\/meteo-dico\/la-pollution-a-l-ozone-160063\" rel=\"nofollow noopener\" target=\"_blank\" data-ylk=\"slk:pollution \u00e0 l&#039;ozone;elm:context_link;itc:0;sec:content-canvas\" class=\"link \"><strong>pollution \u00e0 l&rsquo;ozone<\/strong><\/a>.<br \/>Les nuits seront \u00e9galement marqu\u00e9es par des temp\u00e9ratures <strong>\u00ab\u00a0tropicales\u00a0\u00bb<\/strong>, ne descendant pas en dessous de <strong>20 \u00b0C<\/strong>, notamment dans Paris intramuros en raison de l&rsquo;effet d<a href=\"https:\/\/actualite.lachainemeteo.com\/actualite-meteo\/2019-06-25\/des-nuits-suffocantes-en-centre-ville-la-faute-a-l-ilot-de-chaleur-urbain-51414\" rel=\"nofollow noopener\" target=\"_blank\" data-ylk=\"slk:&#039;\u00eelot de chaleur urbain;elm:context_link;itc:0;sec:content-canvas\" class=\"link \"><strong>&lsquo;\u00eelot de chaleur urbain<\/strong><\/a>.<\/p>\n<p><img decoding=\"async\" class=\"caas-img caas-lazy has-preview\" alt=\"temp\u00e9ratures maximales envisag\u00e9es pour dimanche. Des pics \u00e0 37\u00b0C sont possibles\" src=\"https:\/\/www.europesays.com\/fr\/wp-content\/uploads\/2025\/06\/9fd06824208b195a8bea8df4602b9024.jpeg\"\/><\/p>\n<p>temp\u00e9ratures maximales envisag\u00e9es pour dimanche. Des pics \u00e0 37\u00b0C sont possibles &#8211; \u00a9 La Cha\u00eene M\u00e9t\u00e9o<\/p>\n<p><strong>Des canicules de plus en plus pr\u00e9coces \u00e0 Paris<\/strong><\/p>\n<p>Cette canicule sera relativement courte mais intense sur la r\u00e9gion parisienne. Les temp\u00e9ratures maximales pourraient atteindre 37\u00b0C dimanche. Cette valeur sera assez proche des records, toujours d\u00e9tenu par l&rsquo;ann\u00e9e 1947 o\u00f9 il avait fait 37,6\u00b0C. La canicule avait aussi dur\u00e9 trois jours \u00e0 cette \u00e9poque. En juin 2017, la canicule avait dur\u00e9 5 jours avec un pic \u00e0 36,9\u00b0C le 21 juin \u00e9galement. En juin 2022, le thermom\u00e8tre avait atteint 36,7\u00b0C. <strong>Il n&rsquo;est donc pas impossible de fr\u00f4ler ces records ce week-end.<\/strong><\/p>\n<p>Des vagues de chaleur plus longues se sont d\u00e9j\u00e0 produites en Ile-de-France en juin (jusqu\u2019\u00e0 23 jours \u00e0 plus de 25 \u00b0C en juin 2023 et 26 jours en 2003). Cependant, nos pr\u00e9visions envisagent la persistance d&rsquo;une chaleur durable apr\u00e8s la canicule de ce week-end : sans \u00eatre aussi intense, la chaleur autour de 30\u00b0C pourrait se maintenir jusqu&rsquo;en d\u00e9but juillet.<\/p>\n<p>Les valeurs attendues ce week-end (35\u201337 \u00b0C) sont importantes pour un mois de juin, et seront proches des sommets historiques pr\u00e9coces comme 2017.<\/p>\n<p>Pensez \u00e0 rester au frais, hydratez-vous et \u00e9vitez les efforts aux heures les plus chaudes. L&rsquo;\u00e9t\u00e9 s&rsquo;annonce d\u00e9j\u00e0 s\u00e9rieux, cette situation n&rsquo;est pas anodine.<\/p>\n<p><a href=\"https:\/\/fr.news.yahoo.com\/canicule-paris-lile-france-week-145522038.html\" data-ylk=\"slk:Article original publi\u00e9 sur La Cha\u00eene M\u00e9t\u00e9o;elm:context_link;itc:0;sec:content-canvas;outcm:mb_qualified_link;_E:mb_qualified_link;ct:story;\" class=\"link  yahoo-link\" target=\"_blank\" rel=\"noopener\">Article original publi\u00e9 sur La Cha\u00eene M\u00e9t\u00e9o<\/a><\/p>\n","protected":false},"excerpt":{"rendered":"Un \u00e9pisode intense de chaleur va \u00e9craser la r\u00e9gion parisienne d\u00e8s vendredi, avec des maximales pouvant atteindre 35&hellip;\n","protected":false},"author":2,"featured_media":186397,"comment_status":"","ping_status":"","sticky":false,"template":"","format":"standard","meta":{"footnotes":""},"categories":[1888],"tags":[1111,1928,11,1927,6698,1777,674,1011,27,15475,2359,12,1926,626,1925,32422,8857,25,32421],"class_list":{"0":"post-188249","1":"post","2":"type-post","3":"status-publish","4":"format-standard","5":"has-post-thumbnail","7":"category-paris","8":"tag-actu","9":"tag-actu-paris","10":"tag-actualites","11":"tag-actualites-paris","12":"tag-canicule","13":"tag-eu","14":"tag-europe","15":"tag-fr","16":"tag-france","17":"tag-la-chaine-meteo","18":"tag-mois-de-juin","19":"tag-news","20":"tag-news-paris","21":"tag-paris","22":"tag-paris-news","23":"tag-record-de-chaleur","24":"tag-region-parisienne","25":"tag-republique-francaise","26":"tag-temperatures-maximales"},"share_on_mastodon":{"url":"https:\/\/pubeurope.com\/@fr\/114709714988652852","error":""},"_links":{"self":[{"href":"https:\/\/www.europesays.com\/fr\/wp-json\/wp\/v2\/posts\/188249","targetHints":{"allow":["GET"]}}],"collection":[{"href":"https:\/\/www.europesays.com\/fr\/wp-json\/wp\/v2\/posts"}],"about":[{"href":"https:\/\/www.europesays.com\/fr\/wp-json\/wp\/v2\/types\/post"}],"author":[{"embeddable":true,"href":"https:\/\/www.europesays.com\/fr\/wp-json\/wp\/v2\/users\/2"}],"replies":[{"embeddable":true,"href":"https:\/\/www.europesays.com\/fr\/wp-json\/wp\/v2\/comments?post=188249"}],"version-history":[{"count":0,"href":"https:\/\/www.europesays.com\/fr\/wp-json\/wp\/v2\/posts\/188249\/revisions"}],"wp:featuredmedia":[{"embeddable":true,"href":"https:\/\/www.europesays.com\/fr\/wp-json\/wp\/v2\/media\/186397"}],"wp:attachment":[{"href":"https:\/\/www.europesays.com\/fr\/wp-json\/wp\/v2\/media?parent=188249"}],"wp:term":[{"taxonomy":"category","embeddable":true,"href":"https:\/\/www.europesays.com\/fr\/wp-json\/wp\/v2\/categories?post=188249"},{"taxonomy":"post_tag","embeddable":true,"href":"https:\/\/www.europesays.com\/fr\/wp-json\/wp\/v2\/tags?post=188249"}],"curies":[{"name":"wp","href":"https:\/\/api.w.org\/{rel}","templated":true}]}}