{"id":188250,"date":"2025-06-19T11:07:19","date_gmt":"2025-06-19T11:07:19","guid":{"rendered":"https:\/\/www.europesays.com\/fr\/188250\/"},"modified":"2025-06-19T11:07:19","modified_gmt":"2025-06-19T11:07:19","slug":"direct-immobilier-vous-pouvez-donner-tous-les-15-ans-jusqua-100-000-e-non-imposable-et-31-865-e-en-argent-liquide","status":"publish","type":"post","link":"https:\/\/www.europesays.com\/fr\/188250\/","title":{"rendered":"DIRECT. Immobilier\u00a0: \u00ab Vous pouvez donner tous les 15 ans jusqu&rsquo;\u00e0 100 000 \u20ac, non imposable, et 31 865 \u20ac en argent liquide \u00bb"},"content":{"rendered":"<p class=\"col subheadline margin_bottom_subheadline\">Puis-je donner mon logement \u00e0 mes enfants sans frais\u00a0? Est-il obligatoire, en cas de divorce, de vendre un bien achet\u00e9 ensemble\u00a0? Me Nathalie Couzigou-Suhas, notaire \u00e0 Paris, et Me Flore de Saint-Maurice, sa cons\u0153ur, \u00e9galement sp\u00e9cialiste du droit de la famille et de la gestion patrimoniale des particuliers, r\u00e9pondront en direct \u00e0 toutes vos questions ce jeudi 19\u00a0juin d\u00e8s midi.<\/p>\n<p>Par Le Parisien\u00a0<\/p>\n<p>Le 19 juin 2025 \u00e0 09h30, modifi\u00e9 le 19 juin 2025 \u00e0 12h49<\/p>\n","protected":false},"excerpt":{"rendered":"Puis-je donner mon logement \u00e0 mes enfants sans frais\u00a0? Est-il obligatoire, en cas de divorce, de vendre un&hellip;\n","protected":false},"author":2,"featured_media":188251,"comment_status":"","ping_status":"","sticky":false,"template":"","format":"standard","meta":{"footnotes":""},"categories":[1888],"tags":[11,1777,674,1011,27,820,12,626,25],"class_list":{"0":"post-188250","1":"post","2":"type-post","3":"status-publish","4":"format-standard","5":"has-post-thumbnail","7":"category-paris","8":"tag-actualites","9":"tag-eu","10":"tag-europe","11":"tag-fr","12":"tag-france","13":"tag-live","14":"tag-news","15":"tag-paris","16":"tag-republique-francaise"},"share_on_mastodon":{"url":"","error":""},"_links":{"self":[{"href":"https:\/\/www.europesays.com\/fr\/wp-json\/wp\/v2\/posts\/188250","targetHints":{"allow":["GET"]}}],"collection":[{"href":"https:\/\/www.europesays.com\/fr\/wp-json\/wp\/v2\/posts"}],"about":[{"href":"https:\/\/www.europesays.com\/fr\/wp-json\/wp\/v2\/types\/post"}],"author":[{"embeddable":true,"href":"https:\/\/www.europesays.com\/fr\/wp-json\/wp\/v2\/users\/2"}],"replies":[{"embeddable":true,"href":"https:\/\/www.europesays.com\/fr\/wp-json\/wp\/v2\/comments?post=188250"}],"version-history":[{"count":0,"href":"https:\/\/www.europesays.com\/fr\/wp-json\/wp\/v2\/posts\/188250\/revisions"}],"wp:featuredmedia":[{"embeddable":true,"href":"https:\/\/www.europesays.com\/fr\/wp-json\/wp\/v2\/media\/188251"}],"wp:attachment":[{"href":"https:\/\/www.europesays.com\/fr\/wp-json\/wp\/v2\/media?parent=188250"}],"wp:term":[{"taxonomy":"category","embeddable":true,"href":"https:\/\/www.europesays.com\/fr\/wp-json\/wp\/v2\/categories?post=188250"},{"taxonomy":"post_tag","embeddable":true,"href":"https:\/\/www.europesays.com\/fr\/wp-json\/wp\/v2\/tags?post=188250"}],"curies":[{"name":"wp","href":"https:\/\/api.w.org\/{rel}","templated":true}]}}