{"id":188252,"date":"2025-06-19T11:08:16","date_gmt":"2025-06-19T11:08:16","guid":{"rendered":"https:\/\/www.europesays.com\/fr\/188252\/"},"modified":"2025-06-19T11:08:16","modified_gmt":"2025-06-19T11:08:16","slug":"fete-de-la-musique-a-paris-notre-selection-des-10-spots-incontournables","status":"publish","type":"post","link":"https:\/\/www.europesays.com\/fr\/188252\/","title":{"rendered":"F\u00eate de la musique \u00e0 Paris\u00a0: notre s\u00e9lection des 10 spots incontournables"},"content":{"rendered":"<p>Le Palais-Royal en famille (Ier)<\/p>\n<p class=\"paragraph text_align_left\">Avant le <a href=\"https:\/\/www.leparisien.fr\/paris-75\/spectacle-de-4-heures-35-000-spectateurs-envolee-de-la-vasque-le-grand-concert-du-21-juin-a-paris-se-devoile-11-06-2025-2VGGOD2ZRVEWDKZZORVAWPEFUE.php\" target=\"_blank\" rel=\"noreferrer nofollow noopener\">grand concert<\/a>, complet, organis\u00e9 aux Tuileries, la f\u00eate commencera \u00e0 deux pas, dans les jardins du Palais-Royal d\u00e8s 13h30 samedi. Un ensemble de musique traditionnelle bretonne d\u2019une trentaine d\u2019instruments mettra l\u2019ambiance. Les jardins r\u00e9sonneront de polyphonies tout l\u2019apr\u00e8s-midi.<\/p>\n<p class=\"paragraph text_align_left\">Daunas de C\u00f2r entonnera des chants pyr\u00e9n\u00e9ens, Maaar des polyphonies contemporaines. \u00c0 14h30, la Mal Coiff\u00e9e fera revivre le Languedoc, et \u00e0 17 heures, La R\u00e9union sera repr\u00e9sent\u00e9e \u00e0 travers des percussions et des polyphonies a cappella.<\/p>\n<p class=\"paragraph text_align_left\">\u00c0 16 heures, le saxo et baryton Ronan le Gouri\u00e9rec promet un joyeux bal jeune public, \u00e0 18 heures un quartet de musique \u00e0 danser jouera le r\u00e9pertoire poitevin et le Super Parquet cl\u00f4turera les festivit\u00e9s \u00e0 18h45 dans un m\u00e9lange de musique et danses traditionnelles d\u2019Auvergne, de sons psych\u00e9d\u00e9liques et \u00e9lectro.<\/p>\n<p class=\"paragraph text_align_left\">\u00c0 partir de 13h30 dans les jardins du Palais-Royal, 8, rue de Montpensier (Ier).<\/p>\n<p>Karaok\u00e9 \u00e0 l\u2019Institut du monde arabe (Ve)<img decoding=\"async\" class=\"image \" loading=\"lazy\" src=\"https:\/\/www.europesays.com\/fr\/wp-content\/uploads\/2025\/06\/URNPHCWH4VC5TN2MDLSTJNCCE4.jpg\" alt=\"L\u2019Institut du monde arabe propose le \u00abKaraok\u00e9 de la libert\u00e9\u00bb ce samedi 21 juin. LP\/Guy Gios\" align=\"\" data-rubrique-principale=\"\" data-article-type=\"\" fetchpriority=\"auto\"\/>L\u2019Institut du monde arabe propose le \u00abKaraok\u00e9 de la libert\u00e9\u00bb ce samedi 21 juin. LP\/Guy Gios<\/p>\n<p class=\"paragraph text_align_left\">\u00c9cran g\u00e9ant, chansons en arabe, en fran\u00e7ais et en anglais. L\u2019Institut du monde arabe propose le \u00ab Karaok\u00e9 de la libert\u00e9 \u00bb, anim\u00e9 par l\u2019ambianceuse Na\u00efma Yahi,<b> <\/b>sp\u00e9cialiste des cultures de l\u2019exil, l\u2019artiste Samira Brahmia et DJ Bab du collectif Musiques de f\u00eate.<\/p>\n<p class=\"paragraph text_align_left\">Abo Gabi et ses musiciens interpr\u00e9teront des chansons palestiniennes et accompagneront quatre danseurs de dabk\u00e9, danse de groupe moyen-orientale. Pour finir la soir\u00e9e, DJ Bab devrait enflammer le dancefloor avec ses mixes inspir\u00e9s des sonorit\u00e9s m\u00e9lodiques de l\u2019Alg\u00e9rie.<\/p>\n<p class=\"paragraph text_align_left\"><a href=\"https:\/\/www.imarabe.org\/fr\/agenda\/evenements-exceptionnels\/fete-musique-2025-karaoke-liberte\" target=\"_blank\" rel=\"noreferrer nofollow noopener\">\u00c0 l\u2019Institut du monde arabe<\/a>, 1, rue des Foss\u00e9s Saint-Bernard (Ve). De 19 heures \u00e0 minuit.<\/p>\n<p>L\u2019\u00c9ducation nationale vibre pour le Br\u00e9sil (VIIe)<\/p>\n<p class=\"paragraph text_align_left\">L\u2019h\u00f4tel de Rochechouart, qui abrite le minist\u00e8re de l\u2019\u00c9ducation nationale, ouvre ses portes pour faire la f\u00eate. De 17h30 \u00e0 20 heures, il vibrera aux sons de musiques franco-br\u00e9siliennes, gr\u00e2ce \u00e0 la chanteuse Virginia Cambuci et ses musiciens. Le concert sera suivi d\u2019un DJ set.<\/p>\n<p class=\"paragraph text_align_left\">Au 110, rue de Grenelle (VIe). De 17h30 \u00e0 20 heures.<\/p>\n<p>Gospel place Vend\u00f4me (Ier)<img decoding=\"async\" class=\"image \" loading=\"lazy\" src=\"https:\/\/www.europesays.com\/fr\/wp-content\/uploads\/2025\/06\/ZYITQAIXSJFVNJCIYWINWQAKBM.jpg\" alt=\"La place Vend\u00f4me accueillera ce samedi \u00e0 20 heures la chorale Total Praise Mass Choir. LP\/Delphine Goldsztejn\" align=\"\" data-rubrique-principale=\"\" data-article-type=\"\" fetchpriority=\"auto\"\/>La place Vend\u00f4me accueillera ce samedi \u00e0 20 heures la chorale Total Praise Mass Choir. LP\/Delphine Goldsztejn<\/p>\n<p class=\"paragraph text_align_left\">La magnifique place Vend\u00f4me vibrera \u00e0 20 heures au son du gospel, avec la chorale Total Praise Mass Choir. C\u2019est la plus grande chorale du genre en France, capable de rassembler jusqu\u2019\u00e0 200 choristes et musiciens.<\/p>\n<p class=\"paragraph text_align_left\">Place Vend\u00f4me (Ier). \u00c0 partir de 20 heures.<\/p>\n<p>Funk dans la cour des Quinze-Vingts (XIIe)<\/p>\n<p class=\"paragraph text_align_left\">\u00c0 deux pas de la place de la Bastille, l\u2019h\u00f4pital national des Quinze-Vingts transforme sa cour int\u00e9rieure en sc\u00e8ne musicale \u00e0 ciel ouvert. Mauvais \u0152il ouvrira la soir\u00e9e par du R\u2019n\u2019B, de la chanson fran\u00e7aise et orientale. Mimaa chantera du trap, de la pop, des musiques traditionnelles espagnoles et gitanes, Moonay misera sur la fusion et l\u2019\u00e9lectro et Funky Luciano reprendra du funk des ann\u00e9es 1970 et 1980.<\/p>\n<p class=\"paragraph text_align_left\">De 18 heures \u00e0 23 heures, au <a href=\"https:\/\/www.15-20.fr\/blog\/actualite\/fete-de-la-musique-2025\/\" target=\"_blank\" rel=\"noreferrer nofollow noopener\">28, rue de Charenton<\/a> (XIIe).<\/p>\n<p>Plan\u00e8te House quai Anatole-France (VIIe)<\/p>\n<p class=\"paragraph text_align_left\">Plan\u00e8te House avait ambianc\u00e9 6 000 personnes sur le quai Anatole-France l\u2019ann\u00e9e derni\u00e8re. Les DJ reviennent sur les quais de la p\u00e9niche \u00ab Concorde Atlantique \u00bb. L\u2019open air sera encore plus grand, le sound system fera trembler les quais. La f\u00eate d\u00e9marre \u00e0 16 heures, avec des DJ. \u00c0 18 heures, Perle Ropers sera aux platines, \u00e0 20 heures Magnolia Live et de 22 heures \u00e0 minuit Deborah Aime La Bagarre. La soir\u00e9e se poursuivra sur le \u00ab Concorde \u00bb avec entr\u00e9e payante.<\/p>\n<p class=\"paragraph text_align_left\">De 16 heures \u00e0 minuit au 23, quai Anatole-France (VIIe).<\/p>\n<p>Le Conservatoire invit\u00e9 au mus\u00e9e de la Poste (XVe)<img decoding=\"async\" class=\"image \" loading=\"lazy\" src=\"https:\/\/www.europesays.com\/fr\/wp-content\/uploads\/2025\/06\/HI5T2JT2F5GI7EBOYY4MTV3J2U.jpg\" alt=\"Le mus\u00e9e de La Poste accueille les \u00e9l\u00e8ves musiciens du Conservatoire du XVe arrondissement, ce samedi. LP\/Emma Oliveras\" align=\"\" data-rubrique-principale=\"\" data-article-type=\"\" fetchpriority=\"auto\"\/>Le mus\u00e9e de La Poste accueille les \u00e9l\u00e8ves musiciens du Conservatoire du XVe arrondissement, ce samedi. LP\/Emma Oliveras<\/p>\n<p class=\"paragraph text_align_left\">Les \u00e9l\u00e8ves musiciens du Conservatoire du XVe sont invit\u00e9s \u00e0 jouer au mus\u00e9e de la Poste en r\u00e9sonance avec l\u2019exposition \u00ab la Fabrique du temps \u00bb. Deux concerts ponctueront l\u2019apr\u00e8s-midi. \u00c0 14 heures, les saxophones r\u00e9sonneront dans le hall tandis qu\u2019\u00e0 16 heures hautbois et bassons feront vibrer l\u2019auditorium. Entre ces deux parenth\u00e8ses musicales, les visiteurs auront droit \u00e0 trois visites flash de vingt minutes de l\u2019exposition.<\/p>\n<p class=\"paragraph text_align_left\">De 14 heures \u00e0 17 heures au <a href=\"https:\/\/www.museedelaposte.fr\/fr\/expositions-et-evenements\/fete-de-la-musique\" target=\"_blank\" rel=\"noreferrer nofollow noopener\">mus\u00e9e de la Poste<\/a> au 34, rue de Vaugirard (XVe).<\/p>\n<p>\u00c9lectro \u00e0 la Recyclerie (XVIIIe)<\/p>\n<p class=\"paragraph text_align_left\">La Recyclerie et le collectif international Moonshine unissent leurs \u00e9nergies pour une F\u00eate de la musique cosmique sur les rails de la petite ceinture. DJ et artistes se mettront aux couleurs afro-futuristes et \u00e9lectroniques, nich\u00e9 au c\u0153ur de l\u2019ancienne gare Ornano. Un espace festif sonore et sensoriel \u00e0 ciel ouvert, o\u00f9 se m\u00ealeront musique, sc\u00e9nographie, food, cocktails. Au programme : beats afro-\u00e9lectroniques, kuduro, funk, house futuriste et rythmes diasporiques.<\/p>\n<p class=\"paragraph text_align_left\"><a href=\"https:\/\/www.paris.fr\/evenements\/la-fete-de-la-musique-87344\" target=\"_blank\" rel=\"noreferrer nofollow noopener\">Au 83, bd Ornano<\/a> (XVIIIe), de 18 heures \u00e0 2 heures du matin.<\/p>\n<p>Les gardiens de la paix en cuivre et fanfare (IVe et Ier)<\/p>\n<p class=\"paragraph text_align_left\">La musique des gardiens de la paix vibrera dans l\u2019enceinte de l\u2019\u00e9glise Saint-Roch (Ier) pour un concert exceptionnel. L\u2019ensemble de cuivres de l\u2019orchestre proposera un programme musical in\u00e9dit, samedi \u00e0 21 heures. La batterie-fanfare des gardiens de la paix, elle, jouera devant la pr\u00e9fecture de police de Paris, de 17 heures \u00e0 18 heures, place Louis L\u00e9pine (IVe).<\/p>\n<p class=\"paragraph text_align_left\">\u00c9glise Saint-Roch (Ier), \u00e0 21 heures. Place Louis L\u00e9pine (IVe), de 17 heures \u00e0 18 heures.<\/p>\n<p>Metal et pop \u00e0 Saint-Michel (Ve)<\/p>\n<p class=\"paragraph text_align_left\">Le metal Raspy Junker revient en plein c\u0153ur de Paris, place Saint-Michel. Le groupe de heavy metal form\u00e9 en 2012 balance un set explosif m\u00ealant compositions originales et reprises de classiques du rock et du metal. Pour trois heures de show survolt\u00e9, de 19 heures \u00e0 23 heures. \u00c0 deux pas de l\u00e0, le duo pop rock Channy on the Rock jouera \u00e0 la fontaine Saint-Michel de 21 heures \u00e0 23 heures.<\/p>\n<p class=\"paragraph text_align_left\">Place Saint-Michel (Ve), de 19 heures \u00e0 23 heures.<\/p>\n<p>Guinguette sur la promenade Pereire (XVIIe)<\/p>\n<p class=\"paragraph text_align_left\">Au milieu des rosiers et des plantes grimpantes, la promenade Pereire, am\u00e9nag\u00e9e sur la petite ceinture de Paris, se transforme en guinguette, pour une f\u00eate interg\u00e9n\u00e9rationnelle familiale et dansante. Orchestre, stands pour enfants et restauration.<\/p>\n<p class=\"paragraph text_align_left\">De 16h30 \u00e0 19 heures, <a href=\"https:\/\/mairie17.paris.fr\/pages\/fete-de-la-musique-rendez-vous-a-la-guinguette-du-17-31342\" target=\"_blank\" rel=\"noreferrer nofollow noopener\">promenade Pereire<\/a>, place du Mar\u00e9chal-Juin (XVIIe).<\/p>\n","protected":false},"excerpt":{"rendered":"Le Palais-Royal en famille (Ier) Avant le grand concert, complet, organis\u00e9 aux Tuileries, la f\u00eate commencera \u00e0 deux&hellip;\n","protected":false},"author":2,"featured_media":188253,"comment_status":"","ping_status":"","sticky":false,"template":"","format":"standard","meta":{"footnotes":""},"categories":[1888],"tags":[11,872,1777,674,1011,27,12,626,25,6047],"class_list":{"0":"post-188252","1":"post","2":"type-post","3":"status-publish","4":"format-standard","5":"has-post-thumbnail","7":"category-paris","8":"tag-actualites","9":"tag-culture-et-loisirs","10":"tag-eu","11":"tag-europe","12":"tag-fr","13":"tag-france","14":"tag-news","15":"tag-paris","16":"tag-republique-francaise","17":"tag-sortir-en-region-parisienne"},"share_on_mastodon":{"url":"https:\/\/pubeurope.com\/@fr\/114709719169366713","error":""},"_links":{"self":[{"href":"https:\/\/www.europesays.com\/fr\/wp-json\/wp\/v2\/posts\/188252","targetHints":{"allow":["GET"]}}],"collection":[{"href":"https:\/\/www.europesays.com\/fr\/wp-json\/wp\/v2\/posts"}],"about":[{"href":"https:\/\/www.europesays.com\/fr\/wp-json\/wp\/v2\/types\/post"}],"author":[{"embeddable":true,"href":"https:\/\/www.europesays.com\/fr\/wp-json\/wp\/v2\/users\/2"}],"replies":[{"embeddable":true,"href":"https:\/\/www.europesays.com\/fr\/wp-json\/wp\/v2\/comments?post=188252"}],"version-history":[{"count":0,"href":"https:\/\/www.europesays.com\/fr\/wp-json\/wp\/v2\/posts\/188252\/revisions"}],"wp:featuredmedia":[{"embeddable":true,"href":"https:\/\/www.europesays.com\/fr\/wp-json\/wp\/v2\/media\/188253"}],"wp:attachment":[{"href":"https:\/\/www.europesays.com\/fr\/wp-json\/wp\/v2\/media?parent=188252"}],"wp:term":[{"taxonomy":"category","embeddable":true,"href":"https:\/\/www.europesays.com\/fr\/wp-json\/wp\/v2\/categories?post=188252"},{"taxonomy":"post_tag","embeddable":true,"href":"https:\/\/www.europesays.com\/fr\/wp-json\/wp\/v2\/tags?post=188252"}],"curies":[{"name":"wp","href":"https:\/\/api.w.org\/{rel}","templated":true}]}}