{"id":188256,"date":"2025-06-19T11:10:11","date_gmt":"2025-06-19T11:10:11","guid":{"rendered":"https:\/\/www.europesays.com\/fr\/188256\/"},"modified":"2025-06-19T11:10:11","modified_gmt":"2025-06-19T11:10:11","slug":"lue-capable-de-se-defendre-a-terme-sans-les-etats-unis-assure-le-commissaire-a-la-defense-actualites","status":"publish","type":"post","link":"https:\/\/www.europesays.com\/fr\/188256\/","title":{"rendered":"L&rsquo;UE capable de se d\u00e9fendre \u00ab\u00a0\u00e0 terme\u00a0\u00bb sans les Etats-Unis, assure le commissaire \u00e0 la D\u00e9fense : Actualit\u00e9s"},"content":{"rendered":"<p class=\"lead \">Au salon du Bourget, le commissaire europ\u00e9en \u00e0 la D\u00e9fense Andrius Kubilius s&rsquo;est dit optimiste quant \u00e0 la capacit\u00e9 de l&rsquo;Europe \u00e0 assurer sa propre d\u00e9fense \u00ab\u00a0\u00e0 terme\u00a0\u00bb, sans d\u00e9pendre des Etats-Unis. <\/p>\n<p class=\"lead \">En s&rsquo;inspirant de l&rsquo;exp\u00e9rience des Ukrainiens \u00e0 qui il demande des conseils, il a estim\u00e9, dans un entretien \u00e0 l&rsquo;AFP, que la production en masse de drones, produit vedette du Salon, en Europe n&rsquo;\u00e9tait pas une solution optimale. <\/p>\n<p class=\"lead \"><strong>Question &#8211; Quelle impression le salon vous donne-t-il du secteur de l&rsquo;a\u00e9ronautique de d\u00e9fense europ\u00e9en?<\/strong><\/p>\n<p class=\"lead \">R\u00e9ponse &#8211; En voyant tous les d\u00e9veloppements de l&rsquo;industrie, les nouvelles technologies, il est tr\u00e8s clair qu&rsquo;en Europe nous pouvons \u00eatre fiers. <\/p>\n<p class=\"lead \">Cela apporte une certaine forme d&rsquo;optimisme dans le fait que nous pouvons renforcer nos capacit\u00e9s de d\u00e9fense, nos capacit\u00e9s spatiales. Il y a non seulement des grandes entreprises tr\u00e8s bien connues, mais beaucoup de nouvelles start-ups, des petites entreprises avec des id\u00e9es tr\u00e8s innovantes, avec de tr\u00e8s grandes ambitions. <\/p>\n<p class=\"lead \"><strong>Q-  Si l&rsquo;Europe \u00e9tait attaqu\u00e9e demain, serait-elle capable de se d\u00e9fendre sans les \u00c9tats-Unis ? <\/strong><\/p>\n<p class=\"lead \">R &#8211; Nos capacit\u00e9s de d\u00e9fense ont toujours \u00e9t\u00e9 d\u00e9velopp\u00e9es, en gardant \u00e0 l&rsquo;esprit que nous avons une pr\u00e9sence am\u00e9ricaine sur le continent europ\u00e9en. <\/p>\n<p class=\"lead \">Mais quand nous parlons de l&rsquo;avenir \u00e0 plus long terme, nous devons absolument prendre en compte le fait que les Am\u00e9ricains (&#8230;) vont accorder de plus en plus d&rsquo;attention \u00e0 (la zone) l&rsquo;Indo-Pacifique en raison de l&rsquo;augmentation de la puissance militaire chinoise. Cela signifiera qu&rsquo;ils commenceront \u00e0 r\u00e9duire leur pr\u00e9sence sur le continent europ\u00e9en.<\/p>\n<p class=\"lead \">Mais cela concerne les ann\u00e9es \u00e0 venir, ce n&rsquo;est pas pour demain. <\/p>\n<p class=\"lead \">Nous devons commencer \u00e0 planifier comment nous devrions construire, en particulier ces \u00e9quipements strat\u00e9giques pour lesquels actuellement nous d\u00e9pendons beaucoup des services am\u00e9ricains  (par exemple les avions de combat F-35 ou F-16, NDLR), afin que nous ayons nos propres capacit\u00e9s.<\/p>\n<p class=\"lead \">C&rsquo;est ce sur quoi nous pouvons nous mettre d&rsquo;accord avec nos partenaires am\u00e9ricains, que nous devons avoir un tel plan \u00e0 long terme.<\/p>\n<p class=\"lead \">Pour dissuader la possibilit\u00e9 d&rsquo;agression, il faut changer la fa\u00e7on de penser et d\u00e9velopper les capacit\u00e9s de d\u00e9fenses plus rapidement qu&rsquo;on ne le faisait en temps de paix.<\/p>\n<p class=\"lead \"><strong>Q &#8211; L&rsquo;allemand Rheinmetall et la start-up de technologie am\u00e9ricaine Anduril ont annonc\u00e9 mercredi un accord strat\u00e9gique, notamment dans le domaine des drones de combats, ce qui a fait r\u00e9agir les start-ups europ\u00e9ennes. L&rsquo;Europe, ne devrait-elle pas avoir une politique dans ce domaine?<\/strong><\/p>\n<p class=\"lead \">R &#8211; Je ne suis pas s\u00fbr qu&rsquo;une production massive de drones \u00e0 l&rsquo;avance soit la meilleure mani\u00e8re de se pr\u00e9parer. <\/p>\n<p class=\"lead \">Produire un drone n&rsquo;est pas un probl\u00e8me, la question est comment apprendre \u00e0 les utiliser. <\/p>\n<p class=\"lead \">Nous pouvons apprendre beaucoup des Ukrainiens qui atteignent 80% des cibles avec des drones. Pr\u00e8s de la ligne de front, les drones contr\u00f4lent des deux c\u00f4t\u00e9s &#8211; car les Russes sont aussi bons que les Ukrainiens &#8211; une zone de 20 kilom\u00e8tres o\u00f9 rien ne peut bouger. <\/p>\n<p class=\"lead \">Selon les statistiques ukrainiennes, un char y survit six minutes. <\/p>\n<p class=\"lead \">Les Ukrainiens sont pr\u00eats cette ann\u00e9e \u00e0 produire 4 millions de drones et ils utiliseront ces 4 millions de drones. Cela signifie que les Russes auront une quantit\u00e9 similaire. <\/p>\n<p class=\"lead \">Si on fait un parall\u00e8le pour mon pays (la Lituanie) qui a 900 kilom\u00e8tres de zone sensible \u00e0 la fronti\u00e8re du B\u00e9larus et de la Russie, nous aurions besoin de pouvoir utiliser environ 3 millions de drones. <\/p>\n<p class=\"lead \">J&rsquo;ai demand\u00e9 aux Ukrainiens: devons nous commencer \u00e0 produire jusqu&rsquo;\u00e0 3 millions de drones par an, ou devrait-on les acheter \u00e0 l&rsquo;avance et les mettre en stock? <\/p>\n<p class=\"lead \">Mais le drone que vous avez en ce moment ne sera peut-\u00eatre plus utilisable dans les prochains mois. Car les Russes apprennent \u00e0 brouiller.<\/p>\n<p class=\"lead \">Ce qui est n\u00e9cessaire, c&rsquo;est de construire des \u00e9quipes capables de d\u00e9velopper les syst\u00e8mes n\u00e9cessaires et utiliser les drones (&#8230;), de moderniser, d&rsquo;innover. C&rsquo;est ce que font les Ukrainiens d&rsquo;une mani\u00e8re tr\u00e8s efficace.<\/p>\n<p class=\"small font-weight-bold text-gray3 \"> publi\u00e9 le 19 juin \u00e0 11h44, AFP<\/p>\n<p>                             Partager<\/p>\n","protected":false},"excerpt":{"rendered":"Au salon du Bourget, le commissaire europ\u00e9en \u00e0 la D\u00e9fense Andrius Kubilius s&rsquo;est dit optimiste quant \u00e0 la&hellip;\n","protected":false},"author":2,"featured_media":188257,"comment_status":"","ping_status":"","sticky":false,"template":"","format":"standard","meta":{"footnotes":""},"categories":[1590],"tags":[11,19711,1777,674,27,693,6972,12,1778,220,308],"class_list":{"0":"post-188256","1":"post","2":"type-post","3":"status-publish","4":"format-standard","5":"has-post-thumbnail","7":"category-ukraine","8":"tag-actualites","9":"tag-dfense","10":"tag-eu","11":"tag-europe","12":"tag-france","13":"tag-industrie","14":"tag-marketing","15":"tag-news","16":"tag-ue","17":"tag-ukraine","18":"tag-usa"},"share_on_mastodon":{"url":"https:\/\/pubeurope.com\/@fr\/114709726728747666","error":""},"_links":{"self":[{"href":"https:\/\/www.europesays.com\/fr\/wp-json\/wp\/v2\/posts\/188256","targetHints":{"allow":["GET"]}}],"collection":[{"href":"https:\/\/www.europesays.com\/fr\/wp-json\/wp\/v2\/posts"}],"about":[{"href":"https:\/\/www.europesays.com\/fr\/wp-json\/wp\/v2\/types\/post"}],"author":[{"embeddable":true,"href":"https:\/\/www.europesays.com\/fr\/wp-json\/wp\/v2\/users\/2"}],"replies":[{"embeddable":true,"href":"https:\/\/www.europesays.com\/fr\/wp-json\/wp\/v2\/comments?post=188256"}],"version-history":[{"count":0,"href":"https:\/\/www.europesays.com\/fr\/wp-json\/wp\/v2\/posts\/188256\/revisions"}],"wp:featuredmedia":[{"embeddable":true,"href":"https:\/\/www.europesays.com\/fr\/wp-json\/wp\/v2\/media\/188257"}],"wp:attachment":[{"href":"https:\/\/www.europesays.com\/fr\/wp-json\/wp\/v2\/media?parent=188256"}],"wp:term":[{"taxonomy":"category","embeddable":true,"href":"https:\/\/www.europesays.com\/fr\/wp-json\/wp\/v2\/categories?post=188256"},{"taxonomy":"post_tag","embeddable":true,"href":"https:\/\/www.europesays.com\/fr\/wp-json\/wp\/v2\/tags?post=188256"}],"curies":[{"name":"wp","href":"https:\/\/api.w.org\/{rel}","templated":true}]}}