{"id":188261,"date":"2025-06-19T11:13:09","date_gmt":"2025-06-19T11:13:09","guid":{"rendered":"https:\/\/www.europesays.com\/fr\/188261\/"},"modified":"2025-06-19T11:13:09","modified_gmt":"2025-06-19T11:13:09","slug":"la-sape-douaniere-de-washington-pousse-lallemagne-en-premier-partenaire-commercial-de-la-suisse-en-mai","status":"publish","type":"post","link":"https:\/\/www.europesays.com\/fr\/188261\/","title":{"rendered":"La sape douani\u00e8re de Washington pousse l\u2019Allemagne en premier partenaire commercial de la Suisse en mai"},"content":{"rendered":"<p>Les exportations, en revanche, ont marqu\u00e9 le pas, avec un recul de 13,6% en comparaison mensuelle, \u00e0 21\u00a0milliards de francs. La balance commerciale boucle le mois sur un exc\u00e9dent de 1,98\u00a0milliard de francs. Un niveau nettement inf\u00e9rieur aux 5,4\u00a0milliards de francs enregistr\u00e9s en avril, \u00able plus bas depuis d\u00e9cembre 2023\u00bb, rel\u00e8ve le communiqu\u00e9 officiel.<\/p>\n<p>L\u00e9g\u00e8re hausse des envois vers le partenaire allemand<\/p>\n<p>Les Etats-Unis ont servi de locomotive aux importations avec une progression de 6,5% (+9,6 sur l\u2019ensemble de l\u2019Am\u00e9rique du Nord, +3% en Europe). Ils ont aussi \u00e9t\u00e9 le premier facteur de recul des exportations, avec une chute de 41,7% \u00e0 3,17\u00a0milliards de francs, leur plus bas niveau depuis fin 2020. Un effet yo-yo apr\u00e8s avoir doubl\u00e9 en mars, o\u00f9 un nouveau sommet mensuel avait \u00e9t\u00e9 \u00e9tabli \u00e0 27,6\u00a0milliards de francs. Les livraisons en Europe ont fl\u00e9chi de 7,2% \u00e0 12,66\u00a0milliards de francs. Les envois vers l\u2019Allemagne ont gagn\u00e9 0,6% \u00e0 3,70\u00a0milliards de francs. Ce qui fait passer le pays en premier partenaire commercial de la Suisse, devant les Etats-Unis sur le mois sous revue. Les livraisons en Asie ont enregistr\u00e9 une l\u00e9g\u00e8re progression de 0,4% \u00e0 4,66\u00a0milliards.<\/p>\n<p>Lire aussi: <a href=\"https:\/\/www.letemps.ch\/articles\/donald-trump-maintient-la-pharma-dans-l-incertitude\" target=\"_blank\" rel=\"noopener\">Donald Trump maintient la pharma dans l\u2019incertitude<\/a>  <\/p>\n<p>D\u00e9but avril, la Suisse s\u2019est vu imposer des taxes de 31% sur ses exportations vers les Etats-Unis. Une mesure ensuite officiellement suspendue pour 90 jours. La hausse de 10% impos\u00e9e au monde entier demeure toutefois. Les produits pharmaceutiques et l\u2019or, qui repr\u00e9sentent 65% des exportations, devraient en \u00eatre exempt\u00e9s, mais le gouvernement am\u00e9ricain maintient l\u2019incertitude pour l\u2019instant, le pr\u00e9sident am\u00e9ricain Donald Trump souhaitant faire baisser nettement les prix des m\u00e9dicaments sur son sol. Mi-mai, la pr\u00e9sidente de la Conf\u00e9d\u00e9ration, Karin Keller-Sutter, a dit esp\u00e9rer trouver rapidement une solution avec les autorit\u00e9s am\u00e9ricaines.<\/p>\n<p>Les exportations de montres meilleures que les ventes<\/p>\n<p>Le repli observ\u00e9 en mai a touch\u00e9 une large palette de produits, neuf groupes de marchandises sur onze subissant des reculs. A l\u2019image du mois d\u2019avril (exportations en baisse de 9,2%), les produits chimiques et pharmaceutiques ont men\u00e9 la baisse avec un recul de 18,5% \u00e0 11,07\u00a0milliards. Deuxi\u00e8me branche exportatrice de la Suisse derri\u00e8re la pharma et la chimie, l\u2019industrie des machines et de l\u2019\u00e9lectronique est rest\u00e9e stable \u00e0 2,69\u00a0milliards de francs.<\/p>\n<p>Lire aussi: <a href=\"https:\/\/www.letemps.ch\/articles\/l-industrie-microtechnique-teste-la-flexibilite-de-la-rht\" target=\"_blank\" rel=\"noopener\">L\u2019industrie microtechnique teste la flexibilit\u00e9 de la RHT<\/a>  <\/p>\n<p>Les exportations de l\u2019industrie horlog\u00e8re ont aussi enregistr\u00e9 un revers de 21,1% \u00e0 2\u00a0milliards. La F\u00e9d\u00e9ration de l\u2019industrie horlog\u00e8re suisse rappelle que le recul \u00e9tait pr\u00e9visible: \u00abCet effet boomerang, n\u00e9anmoins plus mod\u00e9r\u00e9 qu\u2019attendu, fait suite \u00e0 l\u2019augmentation de 150% observ\u00e9e en avril.\u00bb Les Etats-Unis ont compt\u00e9 pour plus de 40% de la baisse au niveau mondial. En moyenne depuis le d\u00e9but de l\u2019ann\u00e9e, la tendance est rest\u00e9e positive, avec une croissance de +1,1% \u00e0 fin mai, pour un total cumul\u00e9 de 10,8\u00a0milliards de francs. L\u2019organe fa\u00eetier apporte une nuance: \u00abCe r\u00e9sultat ne correspond toutefois pas \u00e0 la situation r\u00e9elle des ventes, qui ont connu une \u00e9volution moins favorable.\u00bb<\/p>\n<p>Lire aussi: <a href=\"https:\/\/www.letemps.ch\/articles\/le-marche-de-l-horlogerie-s-est-emballe-en-avril-y-a-t-il-un-effet-trump-l-oeil\" target=\"_blank\" rel=\"noopener\">Le march\u00e9 de l\u2019horlogerie s\u2019est emball\u00e9 en avril, y a-t-il un effet \u00abTrump l\u2019\u0153il\u00bb?<\/a>  <\/p>\n","protected":false},"excerpt":{"rendered":"Les exportations, en revanche, ont marqu\u00e9 le pas, avec un recul de 13,6% en comparaison mensuelle, \u00e0 21\u00a0milliards&hellip;\n","protected":false},"author":2,"featured_media":188262,"comment_status":"","ping_status":"","sticky":false,"template":"","format":"standard","meta":{"footnotes":""},"categories":[1587],"tags":[11,672,1804,8324,1805,1803,12113,1777,674,4438,1801,12,1802],"class_list":{"0":"post-188261","1":"post","2":"type-post","3":"status-publish","4":"format-standard","5":"has-post-thumbnail","7":"category-allemagne","8":"tag-actualites","9":"tag-allemagne","10":"tag-bundesrepublik-deutschland","11":"tag-conjoncture","12":"tag-de","13":"tag-deutschland","14":"tag-economie-suisse","15":"tag-eu","16":"tag-europe","17":"tag-free","18":"tag-germany","19":"tag-news","20":"tag-republique-federale-dallemagne"},"share_on_mastodon":{"url":"https:\/\/pubeurope.com\/@fr\/114709738605723879","error":""},"_links":{"self":[{"href":"https:\/\/www.europesays.com\/fr\/wp-json\/wp\/v2\/posts\/188261","targetHints":{"allow":["GET"]}}],"collection":[{"href":"https:\/\/www.europesays.com\/fr\/wp-json\/wp\/v2\/posts"}],"about":[{"href":"https:\/\/www.europesays.com\/fr\/wp-json\/wp\/v2\/types\/post"}],"author":[{"embeddable":true,"href":"https:\/\/www.europesays.com\/fr\/wp-json\/wp\/v2\/users\/2"}],"replies":[{"embeddable":true,"href":"https:\/\/www.europesays.com\/fr\/wp-json\/wp\/v2\/comments?post=188261"}],"version-history":[{"count":0,"href":"https:\/\/www.europesays.com\/fr\/wp-json\/wp\/v2\/posts\/188261\/revisions"}],"wp:featuredmedia":[{"embeddable":true,"href":"https:\/\/www.europesays.com\/fr\/wp-json\/wp\/v2\/media\/188262"}],"wp:attachment":[{"href":"https:\/\/www.europesays.com\/fr\/wp-json\/wp\/v2\/media?parent=188261"}],"wp:term":[{"taxonomy":"category","embeddable":true,"href":"https:\/\/www.europesays.com\/fr\/wp-json\/wp\/v2\/categories?post=188261"},{"taxonomy":"post_tag","embeddable":true,"href":"https:\/\/www.europesays.com\/fr\/wp-json\/wp\/v2\/tags?post=188261"}],"curies":[{"name":"wp","href":"https:\/\/api.w.org\/{rel}","templated":true}]}}