{"id":188265,"date":"2025-06-19T11:15:12","date_gmt":"2025-06-19T11:15:12","guid":{"rendered":"https:\/\/www.europesays.com\/fr\/188265\/"},"modified":"2025-06-19T11:15:12","modified_gmt":"2025-06-19T11:15:12","slug":"pourquoi-linterdiction-des-reseaux-sociaux-aux-moins-de-15-ans-voulue-par-la-france-est-un-casse-tete-europeen","status":"publish","type":"post","link":"https:\/\/www.europesays.com\/fr\/188265\/","title":{"rendered":"Pourquoi l&rsquo;interdiction des r\u00e9seaux sociaux aux moins de 15 ans voulue par la France est un casse-t\u00eate europ\u00e9en ?"},"content":{"rendered":"<p>\tPourquoi l&rsquo;interdiction des r\u00e9seaux sociaux aux moins de 15 ans voulue par la France est un casse-t\u00eate europ\u00e9en ? &#8211; Touteleurope.eu<\/p>\n<p>\t\t<img decoding=\"async\" alt=\"fermer\" class=\"close-info\" src=\"https:\/\/www.touteleurope.eu\/wp-content\/themes\/toute_leurope\/assets\/images\/close-picto-blue.svg\"\/><\/p>\n<p>Touteleurope.eu est le site p\u00e9dagogique de r\u00e9f\u00e9rence sur les questions europ\u00e9ennes : <a href=\"https:\/\/www.touteleurope.eu\/qui-sommes-nous\/\" target=\"_blank\" rel=\"noopener\">Qui sommes-nous ?<\/a><\/p>\n<p><img decoding=\"async\" class=\"logo-pdf\" alt=\"Toute L'Europe \u2013 Comprendre l'Europe\" src=\"data:image\/svg+xml,%3Csvg%20xmlns=\" http:=\"\" data-lazy-src=\"https:\/\/www.touteleurope.eu\/wp-content\/themes\/toute_leurope\/assets\/images\/logo-ttl.svg\"\/><\/p>\n","protected":false},"excerpt":{"rendered":"Pourquoi l&rsquo;interdiction des r\u00e9seaux sociaux aux moins de 15 ans voulue par la France est un casse-t\u00eate europ\u00e9en&hellip;\n","protected":false},"author":2,"featured_media":188266,"comment_status":"","ping_status":"","sticky":false,"template":"","format":"standard","meta":{"footnotes":""},"categories":[1586],"tags":[11,2196,4123,1073,1777,674,1779,1011,27,310,500,12,4125,25,1778,364],"class_list":{"0":"post-188265","1":"post","2":"type-post","3":"status-publish","4":"format-standard","5":"has-post-thumbnail","7":"category-europe","8":"tag-actualites","9":"tag-commission-europeenne","10":"tag-digital-services-act-dsa","11":"tag-emmanuel-macron","12":"tag-eu","13":"tag-europe","14":"tag-european-union","15":"tag-fr","16":"tag-france","17":"tag-internet","18":"tag-medias","19":"tag-news","20":"tag-numerique","21":"tag-republique-francaise","22":"tag-ue","23":"tag-union-europeenne"},"share_on_mastodon":{"url":"https:\/\/pubeurope.com\/@fr\/114709746583143605","error":""},"_links":{"self":[{"href":"https:\/\/www.europesays.com\/fr\/wp-json\/wp\/v2\/posts\/188265","targetHints":{"allow":["GET"]}}],"collection":[{"href":"https:\/\/www.europesays.com\/fr\/wp-json\/wp\/v2\/posts"}],"about":[{"href":"https:\/\/www.europesays.com\/fr\/wp-json\/wp\/v2\/types\/post"}],"author":[{"embeddable":true,"href":"https:\/\/www.europesays.com\/fr\/wp-json\/wp\/v2\/users\/2"}],"replies":[{"embeddable":true,"href":"https:\/\/www.europesays.com\/fr\/wp-json\/wp\/v2\/comments?post=188265"}],"version-history":[{"count":0,"href":"https:\/\/www.europesays.com\/fr\/wp-json\/wp\/v2\/posts\/188265\/revisions"}],"wp:featuredmedia":[{"embeddable":true,"href":"https:\/\/www.europesays.com\/fr\/wp-json\/wp\/v2\/media\/188266"}],"wp:attachment":[{"href":"https:\/\/www.europesays.com\/fr\/wp-json\/wp\/v2\/media?parent=188265"}],"wp:term":[{"taxonomy":"category","embeddable":true,"href":"https:\/\/www.europesays.com\/fr\/wp-json\/wp\/v2\/categories?post=188265"},{"taxonomy":"post_tag","embeddable":true,"href":"https:\/\/www.europesays.com\/fr\/wp-json\/wp\/v2\/tags?post=188265"}],"curies":[{"name":"wp","href":"https:\/\/api.w.org\/{rel}","templated":true}]}}