{"id":188277,"date":"2025-06-19T11:22:09","date_gmt":"2025-06-19T11:22:09","guid":{"rendered":"https:\/\/www.europesays.com\/fr\/188277\/"},"modified":"2025-06-19T11:22:09","modified_gmt":"2025-06-19T11:22:09","slug":"wta-berlin-ons-jabeur-beaucoup-de-gens-ne-comprennent-pas-a-quel-point-la-situation-est-dangereuse-et-a-quel-point-elle-peut-encore-saggraver","status":"publish","type":"post","link":"https:\/\/www.europesays.com\/fr\/188277\/","title":{"rendered":"WTA &#8211; Berlin > Ons Jabeur : \u00ab\u00a0Beaucoup de gens ne comprennent pas \u00e0 quel point la situation est dangereuse et \u00e0 quel point elle peut encore s&rsquo;aggraver\u00a0\u00bb"},"content":{"rendered":"<p>Apr\u00e8s sa victoire contre Jasmine Paolini en huiti\u00e8mes de finale du tournoi de Berlin (6\u22121, 6\u20133), Ons Jabeur a exprim\u00e9 son inqui\u00e9\u00adtude face \u00e0 la situa\u00adtion au Moyen\u2010Orient.\u00a0<\/p>\n<p><strong>\u00ab\u202fBeaucoup de gens ne comprennent pas \u00e0 quel point la situa\u00adtion est dange\u00adreuse et \u00e0 quel point elle peut encore s\u2019ag\u00adgraver. Je souhaite la paix et que tout le monde s\u2019as\u00adsoie autour d\u2019une table pour comprendre et clari\u00adfier les \u00e9v\u00e9ne\u00adments\u202f\u00bb<\/strong>, a d\u00e9clar\u00e9 la Tunisienne dans des propos relay\u00e9s par <a href=\"https:\/\/www.eurosport.de\/tennis\/wta-berlin\/2025\/ons-jabeur-krieg-israel-iran-naher-osten-gaza-frieden_sto23193763\/story.shtml\" data-wpel-link=\"external\" target=\"_blank\" rel=\"nofollow external noopener\">Eurosport Allemagne<\/a>.<\/p>\n<p class=\"post-published-date\" style=\"color: silver; font-size: 75%; text-align: left;\">Publi\u00e9 le jeudi 19 juin 2025 \u00e0 11:53<\/p>\n","protected":false},"excerpt":{"rendered":"Apr\u00e8s sa victoire contre Jasmine Paolini en huiti\u00e8mes de finale du tournoi de Berlin (6\u22121, 6\u20133), Ons Jabeur&hellip;\n","protected":false},"author":2,"featured_media":188278,"comment_status":"","ping_status":"","sticky":false,"template":"","format":"standard","meta":{"footnotes":""},"categories":[1415],"tags":[1011,27,2126,60,1467],"class_list":{"0":"post-188277","1":"post","2":"type-post","3":"status-publish","4":"format-standard","5":"has-post-thumbnail","7":"category-tennis","8":"tag-fr","9":"tag-france","10":"tag-paolini","11":"tag-sports","12":"tag-tennis"},"share_on_mastodon":{"url":"https:\/\/pubeurope.com\/@fr\/114709773895815643","error":""},"_links":{"self":[{"href":"https:\/\/www.europesays.com\/fr\/wp-json\/wp\/v2\/posts\/188277","targetHints":{"allow":["GET"]}}],"collection":[{"href":"https:\/\/www.europesays.com\/fr\/wp-json\/wp\/v2\/posts"}],"about":[{"href":"https:\/\/www.europesays.com\/fr\/wp-json\/wp\/v2\/types\/post"}],"author":[{"embeddable":true,"href":"https:\/\/www.europesays.com\/fr\/wp-json\/wp\/v2\/users\/2"}],"replies":[{"embeddable":true,"href":"https:\/\/www.europesays.com\/fr\/wp-json\/wp\/v2\/comments?post=188277"}],"version-history":[{"count":0,"href":"https:\/\/www.europesays.com\/fr\/wp-json\/wp\/v2\/posts\/188277\/revisions"}],"wp:featuredmedia":[{"embeddable":true,"href":"https:\/\/www.europesays.com\/fr\/wp-json\/wp\/v2\/media\/188278"}],"wp:attachment":[{"href":"https:\/\/www.europesays.com\/fr\/wp-json\/wp\/v2\/media?parent=188277"}],"wp:term":[{"taxonomy":"category","embeddable":true,"href":"https:\/\/www.europesays.com\/fr\/wp-json\/wp\/v2\/categories?post=188277"},{"taxonomy":"post_tag","embeddable":true,"href":"https:\/\/www.europesays.com\/fr\/wp-json\/wp\/v2\/tags?post=188277"}],"curies":[{"name":"wp","href":"https:\/\/api.w.org\/{rel}","templated":true}]}}