{"id":188279,"date":"2025-06-19T11:24:13","date_gmt":"2025-06-19T11:24:13","guid":{"rendered":"https:\/\/www.europesays.com\/fr\/188279\/"},"modified":"2025-06-19T11:24:13","modified_gmt":"2025-06-19T11:24:13","slug":"alex-marquez-loutsider-bien-dans-ses-bottes-je-prefere-etre-la-surprise","status":"publish","type":"post","link":"https:\/\/www.europesays.com\/fr\/188279\/","title":{"rendered":"\u00c1lex M\u00e1rquez, l&rsquo;outsider bien dans ses bottes\u00a0:\u00a0\u00ab\u00a0Je pr\u00e9f\u00e8re \u00eatre la surprise\u00a0\u00bb"},"content":{"rendered":"<p>Le premier tiers du championnat est pass\u00e9, et <a href=\"https:\/\/fr.motorsport.com\/driver\/alex-marquez\/96324\/\" target=\"_blank\" rel=\"noopener\">\u00c1lex M\u00e1rquez<\/a> reste solidement install\u00e9 dans la lutte qui s&rsquo;est dessin\u00e9e tout en haut du championnat. On ne cesse de mettre en \u00e9vidence les performances sup\u00e9rieures de <a href=\"https:\/\/fr.motorsport.com\/driver\/marc-marquez\/92646\/\" target=\"_blank\" rel=\"noopener\">Marc M\u00e1rquez<\/a> et les difficult\u00e9s bloquantes de <a href=\"https:\/\/fr.motorsport.com\/driver\/pecco-bagnaia\/109394\/\" target=\"_blank\" rel=\"noopener\">Pecco Bagnaia<\/a>, mais le pilote Gresini est bel et bien intercal\u00e9 entre eux et confirme chaque week-end une valeur s\u00fbre \u00e0 ceux qui pourraient encore en douter.<\/p>\n<p>Faire ainsi figure d&rsquo;outsider convient tr\u00e8s bien au pilote de 29 ans. \u00ab\u00a0Je pr\u00e9f\u00e8re \u00eatre la surprise\u00a0!\u00a0\u00bb, sourit-il. Il sait que \u00ab\u00a0pour certaines personnes\u00a0\u00bb, il reste effectivement la surprise de cette saison, celui que l&rsquo;on n&rsquo;attendait pas \u00e0 un tel niveau. \u00ab\u00a0Apparemment, avoir 61 points d&rsquo;avance sur le troisi\u00e8me, \u00e7a ne suffit pas \u00e0 consid\u00e9rer que je suis dans la bagarre\u00a0!\u00a0\u00bb, fait-il remarquer, mi-amus\u00e9, mi-lass\u00e9 d&rsquo;\u00eatre aussi peu consid\u00e9r\u00e9 apr\u00e8s cinq podiums, dont une victoire, ainsi qu&rsquo;un succ\u00e8s en course sprint au milieu d&rsquo;une s\u00e9rie de deuxi\u00e8mes places.<\/p>\n<p>Lire aussi :<\/p>\n<p>Mais \u00c1lex M\u00e1rquez a une grande qualit\u00e9 parmi d&rsquo;autres, c&rsquo;est qu&rsquo;il sait avoir une approche constructive en toute circonstance. \u00ab\u00a0Pour moi, \u00e7a n&rsquo;est non pas une surprise, mais un cadeau d&rsquo;\u00eatre dans cette situation\u00a0\u00bb, analyse-t-il donc. \u00ab\u00a0Personne n&rsquo;aurait imagin\u00e9 \u00e7a avant de commencer. C&rsquo;est nouveau pour nous aussi, alors je veux en profiter parce que \u00e7a n&rsquo;arrive pas tous les ans de vivre une situation comme celle-ci avec la moto de l&rsquo;ann\u00e9e pr\u00e9c\u00e9dente. Il faut qu&rsquo;on savoure \u00e7a, et aussi qu&rsquo;on tire profit de cette situation. \u00catre l\u00e0, ne pas faire trop de bruit\u2026\u00a0\u00bb<\/p>\n<p>Lui qui a depuis toujours appris \u00e0 grandir dans l&rsquo;ombre d&rsquo;un fr\u00e8re a\u00een\u00e9 vite devenu star, il a fini par faire son trou dans la cat\u00e9gorie MotoGP dans la discr\u00e9tion. Mais son rang actuel ne peut plus passer inaper\u00e7u et les projecteurs vont de plus en plus se braquer sur lui s&rsquo;il continue ainsi \u00e0 faire figure de plus fort opposant \u00e0 Marc M\u00e1rquez. Se sent plus libre ou plus soumis \u00e0 la pression dans une telle situation\u00a0?<\/p>\n<p>\u00ab\u00a0Ma mentalit\u00e9 est inchang\u00e9e\u00a0\u00bb, r\u00e9pond-il. \u00ab\u00a0J&rsquo;essaye d&rsquo;aborder le week-end en sachant qu&rsquo;il va falloir se donner \u00e0 100%, comme toujours, extraire le potentiel maximum qu&rsquo;on a dans le stand. Ensuite, le samedi, on sait o\u00f9 on se situe, que le maximum est de faire P2, par exemple, alors on se bat pour la deuxi\u00e8me place et si on re\u00e7oit le cadeau de la premi\u00e8re place, on la prend. En tout cas, on ram\u00e8ne toujours des points \u00e0 la maison. C&rsquo;est notre mentalit\u00e9.\u00a0\u00bb<\/p>\n<p>   <img decoding=\"async\" draggable=\"false\" src=\"https:\/\/www.europesays.com\/fr\/wp-content\/uploads\/2025\/06\/1750332252_405_alex-marquez-gresini-racing.jpg\" alt=\"\u00c1lex M\u00e1rquez a sabr\u00e9 le champagne huit fois en huit sprints, ainsi que cinq fois le dimanche cette ann\u00e9e.\" width=\"1200\" height=\"800\" loading=\"lazy\"\/> <\/p>\n<p class=\"title\">\u00c1lex M\u00e1rquez a sabr\u00e9 le champagne huit fois en huit sprints, ainsi que cinq fois le dimanche cette ann\u00e9e.<\/p>\n<p class=\"photographer\">Photo de: Burak Akbulut &#8211; Anadolu &#8211; Getty Images<\/p>\n<p>Peut-\u00eatre est-ce justement par manque d&rsquo;habitude d&rsquo;une telle situation en MotoGP ou par peur que le r\u00eave finisse par s&rsquo;\u00e9vanouir, mais\u00a0\u00c1lex M\u00e1rquez veut bel et bien \u00ab\u00a0tirer profit\u00a0\u00bb de ce qu&rsquo;il vit actuellement.\u00a0\u00ab\u00a0Peut-\u00eatre qu&rsquo;\u00e0 un moment donn\u00e9 dans la saison, les Ducati officielles vont progresser, ou bien KTM ou Aprilia [\u2026]. Il faut qu&rsquo;on tire profit de notre situation parce qu&rsquo;on ne va pas avoir d&rsquo;am\u00e9liorations [sur la moto] au cours de l&rsquo;ann\u00e9e\u00a0;\u00a0les autres constructeurs en auront peut-\u00eatre, et ils ne cessent de se rapprocher. C&rsquo;est donc \u00e7a, notre mentalit\u00e9\u00a0:\u00a0extraire tout notre potentiel chaque week-end. Si notre maximum est de faire P5, on va travailler pour \u00e7a, et si c&rsquo;est P1, c&rsquo;est P1, et c&rsquo;est comme \u00e7a tous les week-ends.\u00a0\u00bb<\/p>\n<p>\u00ab\u00a0La mentalit\u00e9 peut changer\u00a0\u00bb, ajoute le pilote espagnol. \u00ab\u00a0Si on arrive \u00e0 Mandalika ou Phillip Island en \u00e9tant toujours en lice au championnat, alors il est certain qu&rsquo;il faudra changer quelque chose et penser au titre. Mais pour le moment, c&rsquo;est trop t\u00f4t.\u00a0\u00bb<\/p>\n<p>Lire aussi :<\/p>\n<p>Des fondations pour l&rsquo;avenir<\/p>\n<p>Lorsqu&rsquo;il d\u00e9crypte son d\u00e9but de saison, le pilote Gresini mentionne lui-m\u00eame la spec de sa moto, et \u00e0 juste titre\u00a0:\u00a0la GP24 dont il a h\u00e9rit\u00e9 cette ann\u00e9e a beau \u00eatre \u00ab\u00a0ancienne\u00a0\u00bb, elle est aussi extr\u00eamement aboutie. Sa position du moment ne doit cependant pas tout \u00e0 la qualit\u00e9 de sa machine, lui aussi a fait du chemin pour savoir r\u00e9pondre pr\u00e9sent plus que les autres pilotes qui disposent du m\u00eame mod\u00e8le.<\/p>\n<p>\u00ab\u00a0Je pense que c&rsquo;est un processus. L&rsquo;ann\u00e9e derni\u00e8re m&rsquo;a permis de faire de gros progr\u00e8s. J&rsquo;ai eu beaucoup de mal avec cette moto, mais j&rsquo;ai aussi am\u00e9lior\u00e9 beaucoup de choses, comme l&rsquo;entr\u00e9e dans les virages, des choses sur lesquelles je n&rsquo;avais pas \u00e9t\u00e9 tr\u00e8s rapide dans ma carri\u00e8re\u00a0\u00bb,\u00a0explique-t-il.<\/p>\n<p>\u00ab\u00a0Quand on a un probl\u00e8me, il faut redoubler d&rsquo;attention sur ce point et j&rsquo;ai donc am\u00e9lior\u00e9 cela l&rsquo;ann\u00e9e derni\u00e8re. Donc il est vrai que la moto de l&rsquo;ann\u00e9e derni\u00e8re [la GP24] m&rsquo;apporte beaucoup plus, mais les progr\u00e8s en entr\u00e9e de virage, par exemple, viennent de celle que j&rsquo;avais la saison derni\u00e8re [la GP23].\u00a0\u00bb<\/p>\n<p>   <img decoding=\"async\" draggable=\"false\" src=\"https:\/\/www.europesays.com\/fr\/wp-content\/uploads\/2025\/06\/1750332253_865_alex-marquez-gresini-racing-ma.jpg\" alt=\"\u00c1lex M\u00e1rquez est bel et bien le meilleur opposant \u00e0 Marc cette saison.\" width=\"1200\" height=\"800\" loading=\"lazy\"\/> <\/p>\n<p class=\"title\">\u00c1lex M\u00e1rquez est bel et bien le meilleur opposant \u00e0 Marc cette saison.<\/p>\n<p class=\"photographer\">Photo de: Gold and Goose Photography \/ LAT Images \/ via Getty Images<\/p>\n<p>Aujourd&rsquo;hui \u00e9panoui chez Gresini, se prend-il \u00e0 s&rsquo;imaginer redevenir pilote d&rsquo;usine \u00e0 la fin de son contrat, dans un an et demi\u00a0?\u00a0\u00ab\u00a0Il est certain que quand on est dans cette situation, on a plus d&rsquo;options. Si je continue comme \u00e7a, je serai en bonne position pour n\u00e9gocier un contrat. Les gens vont venir d&rsquo;eux-m\u00eames\u00a0!\u00a0\u00c7a change beaucoup\u00a0\u00bb, conc\u00e8de-t-il.<\/p>\n<p>\u00ab\u00a0Mais je ne pense pas encore \u00e0 2027, c&rsquo;est trop loin. Il est vrai aussi que ce sera peut-\u00eatre une ann\u00e9e o\u00f9 il faudra prendre des risques, envisager un changement car on ne saura pas quelle moto sera la meilleure, surtout par rapport au changement de pneus plus qu&rsquo;avec le nouveau r\u00e8glement.\u00a0\u00bb<\/p>\n<p>\u00ab\u00a0On sera donc ouverts \u00e0 tout, \u00e0 condition de continuer comme \u00e7a. Parce que, l\u00e0, OK, j&rsquo;arrive au Mugello en \u00e9tant deuxi\u00e8me du championnat et en ayant fait deuxi\u00e8me en Arag\u00f3n, donc si je devais n\u00e9gocier je serais en bonne position. Mais si vous faites deux courses o\u00f9 vous n&rsquo;\u00eates pas bon, tout le monde oublie ce que vous avez fait jusque-l\u00e0. Alors il faut continuer comme \u00e7a et on verra \u00e0 l&rsquo;avenir.\u00a0\u00bb<\/p>\n<p>Lire aussi :<\/p>\n<p>Dans cet article<\/p>\n<p>    L\u00e9na Buffa\n<\/p>\n<p>    MotoGP\n<\/p>\n<p>    \u00c1lex M\u00e1rquez\n<\/p>\n<p>    Gresini Racing\n<\/p>\n<p>Soyez le premier inform\u00e9 et souscrivez aux alertes mails pour recevoir les infos en temps r\u00e9el<\/p>\n<p>    S&rsquo;abonner aux alertes de news<\/p>\n","protected":false},"excerpt":{"rendered":"Le premier tiers du championnat est pass\u00e9, et \u00c1lex M\u00e1rquez reste solidement install\u00e9 dans la lutte qui s&rsquo;est&hellip;\n","protected":false},"author":2,"featured_media":188280,"comment_status":"","ping_status":"","sticky":false,"template":"","format":"standard","meta":{"footnotes":""},"categories":[1413],"tags":[1011,27,31123,3452,1457,1456,1458,31124,60,7896],"class_list":{"0":"post-188279","1":"post","2":"type-post","3":"status-publish","4":"format-standard","5":"has-post-thumbnail","7":"category-moto","8":"tag-fr","9":"tag-france","10":"tag-gp-ditalie","11":"tag-gresini-racing","12":"tag-moto","13":"tag-motocycle","14":"tag-motogp","15":"tag-mugello","16":"tag-sports","17":"tag-u00c1lex-mu00e1rquez"},"share_on_mastodon":{"url":"https:\/\/pubeurope.com\/@fr\/114709781916871623","error":""},"_links":{"self":[{"href":"https:\/\/www.europesays.com\/fr\/wp-json\/wp\/v2\/posts\/188279","targetHints":{"allow":["GET"]}}],"collection":[{"href":"https:\/\/www.europesays.com\/fr\/wp-json\/wp\/v2\/posts"}],"about":[{"href":"https:\/\/www.europesays.com\/fr\/wp-json\/wp\/v2\/types\/post"}],"author":[{"embeddable":true,"href":"https:\/\/www.europesays.com\/fr\/wp-json\/wp\/v2\/users\/2"}],"replies":[{"embeddable":true,"href":"https:\/\/www.europesays.com\/fr\/wp-json\/wp\/v2\/comments?post=188279"}],"version-history":[{"count":0,"href":"https:\/\/www.europesays.com\/fr\/wp-json\/wp\/v2\/posts\/188279\/revisions"}],"wp:featuredmedia":[{"embeddable":true,"href":"https:\/\/www.europesays.com\/fr\/wp-json\/wp\/v2\/media\/188280"}],"wp:attachment":[{"href":"https:\/\/www.europesays.com\/fr\/wp-json\/wp\/v2\/media?parent=188279"}],"wp:term":[{"taxonomy":"category","embeddable":true,"href":"https:\/\/www.europesays.com\/fr\/wp-json\/wp\/v2\/categories?post=188279"},{"taxonomy":"post_tag","embeddable":true,"href":"https:\/\/www.europesays.com\/fr\/wp-json\/wp\/v2\/tags?post=188279"}],"curies":[{"name":"wp","href":"https:\/\/api.w.org\/{rel}","templated":true}]}}