{"id":188287,"date":"2025-06-19T11:28:09","date_gmt":"2025-06-19T11:28:09","guid":{"rendered":"https:\/\/www.europesays.com\/fr\/188287\/"},"modified":"2025-06-19T11:28:09","modified_gmt":"2025-06-19T11:28:09","slug":"lanimatrice-lea-salame-va-presenter-le-20-heures-de-france-2-et-quitter-la-matinale-de-france-inter","status":"publish","type":"post","link":"https:\/\/www.europesays.com\/fr\/188287\/","title":{"rendered":"L&rsquo;animatrice L\u00e9a Salam\u00e9 va pr\u00e9senter le 20 Heures de France 2 et quitter la matinale de France Inter"},"content":{"rendered":"<p>Elle remplacera Anne-Sophie Lapix, <a href=\"https:\/\/www.laprovence.com\/article\/culture-loisirs\/7233607582822914\/anne-sophie-lapix-quittera-le-20-heures-de-france-2-au-mois-de-juillet\" target=\"_blank\" rel=\"noopener\">\u00e9cart\u00e9e il y a 3 semaines<\/a> et qui <a href=\"https:\/\/www.laprovence.com\/article\/societe\/22340518002457\/anne-sophie-lapix-rejoint-rtl-pour-prendre-la-tranche-d-yves-calvi-a-la-rentree\" target=\"_blank\" rel=\"noopener\">doit rejoindre RTL \u00e0 la rentr\u00e9e<\/a>.\u00a0<\/p>\n<p><a href=\"https:\/\/www.leparisien.fr\/culture-loisirs\/tv\/lea-salame-prend-le-20-heures-de-france-2-et-quitte-la-matinale-de-france-inter-19-06-2025-EHS6ND3YDVHAPEOVGO2TGU5LI4.php\" target=\"_blank\" rel=\"noopener\">Nos confr\u00e8res<\/a> rappellent que L\u00e9a Salam\u00e9 avait d\u00e9j\u00e0 \u00e9t\u00e9 approch\u00e9e pour prendre le 20 Heures de France 2 en 2017. Proposition qu&rsquo;elle avait refus\u00e9.\u00a0 \u00a0<\/p>\n<p>La journaliste <a href=\"https:\/\/www.laprovence.com\/article\/culture-loisirs\/3894577177903714\/mercato-media-lea-salame-tiraillee-entre-le-20h-de-france-2-et-un-depart-chez-bfmtv\" target=\"_blank\" rel=\"noopener\">\u00e9tait tr\u00e8s convoit\u00e9e depuis plusieurs mois<\/a>. \u00ab\u00a0BFMTV lui a propos\u00e9 l&rsquo;un des plus gros salaires du PAF pour pr\u00e9senter un talk-show en fin de journ\u00e9e\u00a0\u00bb, <a href=\"https:\/\/www.leparisien.fr\/culture-loisirs\/tv\/lea-salame-prend-le-20-heures-de-france-2-et-quitte-la-matinale-de-france-inter-19-06-2025-EHS6ND3YDVHAPEOVGO2TGU5LI4.php\" target=\"_blank\" rel=\"noopener\">assure Le Parisien<\/a>.<\/p>\n","protected":false},"excerpt":{"rendered":"Elle remplacera Anne-Sophie Lapix, \u00e9cart\u00e9e il y a 3 semaines et qui doit rejoindre RTL \u00e0 la rentr\u00e9e.\u00a0&hellip;\n","protected":false},"author":2,"featured_media":188288,"comment_status":"","ping_status":"","sticky":false,"template":"","format":"standard","meta":{"footnotes":""},"categories":[1359],"tags":[17,58,59,1011,27,329,6203,32596,19727,973,5032,17606,32597],"class_list":{"0":"post-188287","1":"post","2":"type-post","3":"status-publish","4":"format-standard","5":"has-post-thumbnail","7":"category-people","8":"tag-17","9":"tag-divertissement","10":"tag-entertainment","11":"tag-fr","12":"tag-france","13":"tag-france-monde","14":"tag-heures","15":"tag-lanimatrice","16":"tag-lea","17":"tag-people","18":"tag-presenter","19":"tag-quitter","20":"tag-salame"},"share_on_mastodon":{"url":"https:\/\/pubeurope.com\/@fr\/114709797549603101","error":""},"_links":{"self":[{"href":"https:\/\/www.europesays.com\/fr\/wp-json\/wp\/v2\/posts\/188287","targetHints":{"allow":["GET"]}}],"collection":[{"href":"https:\/\/www.europesays.com\/fr\/wp-json\/wp\/v2\/posts"}],"about":[{"href":"https:\/\/www.europesays.com\/fr\/wp-json\/wp\/v2\/types\/post"}],"author":[{"embeddable":true,"href":"https:\/\/www.europesays.com\/fr\/wp-json\/wp\/v2\/users\/2"}],"replies":[{"embeddable":true,"href":"https:\/\/www.europesays.com\/fr\/wp-json\/wp\/v2\/comments?post=188287"}],"version-history":[{"count":0,"href":"https:\/\/www.europesays.com\/fr\/wp-json\/wp\/v2\/posts\/188287\/revisions"}],"wp:featuredmedia":[{"embeddable":true,"href":"https:\/\/www.europesays.com\/fr\/wp-json\/wp\/v2\/media\/188288"}],"wp:attachment":[{"href":"https:\/\/www.europesays.com\/fr\/wp-json\/wp\/v2\/media?parent=188287"}],"wp:term":[{"taxonomy":"category","embeddable":true,"href":"https:\/\/www.europesays.com\/fr\/wp-json\/wp\/v2\/categories?post=188287"},{"taxonomy":"post_tag","embeddable":true,"href":"https:\/\/www.europesays.com\/fr\/wp-json\/wp\/v2\/tags?post=188287"}],"curies":[{"name":"wp","href":"https:\/\/api.w.org\/{rel}","templated":true}]}}