{"id":18829,"date":"2025-04-12T02:16:10","date_gmt":"2025-04-12T02:16:10","guid":{"rendered":"https:\/\/www.europesays.com\/fr\/18829\/"},"modified":"2025-04-12T02:16:10","modified_gmt":"2025-04-12T02:16:10","slug":"people-eric-dane-interprete-du-docteur-glamour-dans-greys-anatomy-atteint-de-la-maladie-de-charcot","status":"publish","type":"post","link":"https:\/\/www.europesays.com\/fr\/18829\/","title":{"rendered":"People. Eric Dane, interpr\u00e8te du docteur Glamour dans Grey&rsquo;s Anatomy, atteint de la maladie de Charcot"},"content":{"rendered":"<p>L&rsquo;acteur am\u00e9ricain Eric Dane, r\u00e9v\u00e9l\u00e9 au grand public par son interpr\u00e9tation du docteur Mark Sloan dans la s\u00e9rie Grey&rsquo;s Anatomy entre 2006 et 2021, a annonc\u00e9 \u00eatre atteint de scl\u00e9rose lat\u00e9rale amyotrophique (SLA), aussi connue comme la maladie de Charcot, dans une interview au magazine <a href=\"https:\/\/people.com\/eric-dane-diagnosed-with-als-exclusive-11713179?taid=67f85c7516f5bc00014a9f2a&amp;utm_campaign=peoplemagazine&amp;utm_content=new&amp;utm_medium=social&amp;utm_source=twitter.com\" target=\"_blank\" rel=\"nofollow noopener\">People<\/a>.<\/p>\n<p>\u00ab\u00a0On m&rsquo;a diagnostiqu\u00e9 la maladie de Charcot\u00a0\u00bb, confie-t-il. \u00ab\u00a0Je suis reconnaissant d&rsquo;avoir une famille aimante \u00e0 mes c\u00f4t\u00e9s, qui m&rsquo;aide \u00e0 appr\u00e9hender ce nouveau chapitre de ma vie. \u00bb Mari\u00e9 et p\u00e8re de deux enfants, Eric Dane ne compte pas mettre fin \u00e0 sa carri\u00e8re dans l&rsquo;imm\u00e9diat.<\/p>\n<p>Trois \u00e0 cinq ans \u00e0 vivre<\/p>\n<p>\u00ab\u00a0J&rsquo;ai beaucoup de chances de pouvoir continuer \u00e0 travailler. J&rsquo;ai h\u00e2te de retourner la semaine prochaine sur le tournage d&rsquo;Euphoria\u00a0\u00bb, la s\u00e9rie \u00e0 succ\u00e8s de HBO. \u00ab\u00a0Je vous demande gentiment de respecter notre intimit\u00e9 pendant cette p\u00e9riode\u00a0\u00bb, conclut-il.<\/p>\n<p>La scl\u00e9rose lat\u00e9rale amyotrophique est une maladie d\u00e9g\u00e9n\u00e9rative grave, qui paralyse progressivement les patients et conduit au d\u00e9c\u00e8s dans les trois \u00e0 cinq ans qui suivent le diagnostic.\u00a0<\/p>\n<p><script async src=\"https:\/\/platform.twitter.com\/widgets.js\" charset=\"utf-8\"><\/script><\/p>\n","protected":false},"excerpt":{"rendered":"L&rsquo;acteur am\u00e9ricain Eric Dane, r\u00e9v\u00e9l\u00e9 au grand public par son interpr\u00e9tation du docteur Mark Sloan dans la s\u00e9rie&hellip;\n","protected":false},"author":2,"featured_media":18830,"comment_status":"","ping_status":"","sticky":false,"template":"","format":"standard","meta":{"footnotes":""},"categories":[1359],"tags":[650,1687,58,59,107,1011,27,329,973,71,2205],"class_list":{"0":"post-18829","1":"post","2":"type-post","3":"status-publish","4":"format-standard","5":"has-post-thumbnail","7":"category-people","8":"tag-cinema","9":"tag-culture-loisirs","10":"tag-divertissement","11":"tag-entertainment","12":"tag-fil-info","13":"tag-fr","14":"tag-france","15":"tag-france-monde","16":"tag-people","17":"tag-sante","18":"tag-television-medias"},"share_on_mastodon":{"url":"https:\/\/pubeurope.com\/@fr\/114322589885276525","error":""},"_links":{"self":[{"href":"https:\/\/www.europesays.com\/fr\/wp-json\/wp\/v2\/posts\/18829","targetHints":{"allow":["GET"]}}],"collection":[{"href":"https:\/\/www.europesays.com\/fr\/wp-json\/wp\/v2\/posts"}],"about":[{"href":"https:\/\/www.europesays.com\/fr\/wp-json\/wp\/v2\/types\/post"}],"author":[{"embeddable":true,"href":"https:\/\/www.europesays.com\/fr\/wp-json\/wp\/v2\/users\/2"}],"replies":[{"embeddable":true,"href":"https:\/\/www.europesays.com\/fr\/wp-json\/wp\/v2\/comments?post=18829"}],"version-history":[{"count":0,"href":"https:\/\/www.europesays.com\/fr\/wp-json\/wp\/v2\/posts\/18829\/revisions"}],"wp:featuredmedia":[{"embeddable":true,"href":"https:\/\/www.europesays.com\/fr\/wp-json\/wp\/v2\/media\/18830"}],"wp:attachment":[{"href":"https:\/\/www.europesays.com\/fr\/wp-json\/wp\/v2\/media?parent=18829"}],"wp:term":[{"taxonomy":"category","embeddable":true,"href":"https:\/\/www.europesays.com\/fr\/wp-json\/wp\/v2\/categories?post=18829"},{"taxonomy":"post_tag","embeddable":true,"href":"https:\/\/www.europesays.com\/fr\/wp-json\/wp\/v2\/tags?post=18829"}],"curies":[{"name":"wp","href":"https:\/\/api.w.org\/{rel}","templated":true}]}}