{"id":188291,"date":"2025-06-19T11:30:10","date_gmt":"2025-06-19T11:30:10","guid":{"rendered":"https:\/\/www.europesays.com\/fr\/188291\/"},"modified":"2025-06-19T11:30:10","modified_gmt":"2025-06-19T11:30:10","slug":"dans-son-premier-livre-la-bastiaise-helena-nicoli-raconte-le-deuil-le-viol-et-la-resilience","status":"publish","type":"post","link":"https:\/\/www.europesays.com\/fr\/188291\/","title":{"rendered":"dans son premier livre, la Bastiaise Helena Nicoli raconte le deuil, le viol et la r\u00e9silience"},"content":{"rendered":"<p>\t\t\t\t\t <strong>Pouvez-vous nous pr\u00e9senter votre livre, Le Soleil aux l\u00e8vres ? De quoi parle-t-il ?<\/strong> <br \/>  C\u2019est un livre qui retrace ma vie, de l\u2019\u00e2ge de mes 12 ans \u00e0 mes 22 ans, et des \u00e9preuves que j\u2019ai d\u00fb surmonter. Il y a le deuil de ma meilleure amie quand j\u2019avais 11 ans, le harc\u00e8lement scolaire, le viol, la maladie et la d\u00e9couverte de la foi. <\/p>\n<p><strong>Qu\u2019est-ce qui vous a donn\u00e9 la force de coucher votre histoire sur le papier ?<\/strong> <br \/>Face \u00e0 ces \u00e9preuves, mon cerveau s\u2019est mis en veille. C\u2019est ce que l\u2019on appelle une amn\u00e9sie traumatique. Il y a un peu plus de deux ans, ces souvenirs sont remont\u00e9s \u00e0 la surface. Je suis retomb\u00e9e dans des crises d\u2019angoisse, des insomnies. J\u2019ai consult\u00e9 une psy qui m\u2019a fait \u00e9crire. C\u2019\u00e9tait compliqu\u00e9, je ne parlais pas. Je suis plus \u00e0 l\u2019aise avec l\u2019\u00e9crit, et de l\u00e0 est n\u00e9 ce livre. <\/p>\n<p><strong>Comment d\u00e9cririez-vous ce livre\u00a0? <\/strong> <br \/>Ce livre est comme un journal intime. J\u2019ai toujours \u00e9crit, mais ici, plus j\u2019\u00e9crivais, plus mes souvenirs remontaient, et c\u2019\u00e9tait le plus dur. Il y a des souvenirs et des moments dont on ne veut plus. Je pense qu\u2019au final, j\u2019ai fait quelque chose de beau. <\/p>\n<p><strong>Quel message avez-vous voulu faire passer \u00e0 travers ce t\u00e9moignage ?<\/strong> <br \/>Je voudrais laisser un h\u00e9ritage \u00e0 ma famille, mais aussi un message d\u2019espoir aux gens que je ne connais pas. J\u2019ai eu des retours d\u2019inconnus sur ce livre, c\u2019est ma plus grande fiert\u00e9. C\u2019est une autobiographie romanc\u00e9e. C\u2019est un livre dur, mais qui n\u2019est pas sombre. C\u2019est un livre rempli d\u2019amour. Il y a la noirceur de toutes les \u00e9preuves qui sont d\u00e9crites, mais il y a aussi beaucoup de lumi\u00e8re. Ce n\u2019est pas un livre pour se plaindre, mais pour d\u00e9noncer et aussi encourager. <\/p>\n<p><strong>Avec tout ce que vous avez travers\u00e9, quel regard portez-vous aujourd\u2019hui sur votre parcours ?<\/strong> <br \/>Je ne regrette pas ma vie, c\u2019est ce qui fait la personne que je suis aujourd\u2019hui. J\u2019ai r\u00e9ussi \u00e0 surmonter. Ces \u00e9preuves m\u2019ont forg\u00e9e, m\u00eame si j\u2019ai eu une enfance vol\u00e9e. <\/p>\n<p><strong>Comment avez-vous structur\u00e9 le livre ? Quels sont les moments de votre vie que vous avez voulu \u00e9voquer\u00a0?<\/strong> <br \/>Ce sont les plus gros moments de ma vie. Ma vie s\u2019est \u00e9croul\u00e9e quand j\u2019ai perdu ma meilleure amie, et apr\u00e8s, \u00e7a s\u2019est encha\u00een\u00e9. Mais je n\u2019ai pas envie qu\u2019on me d\u00e9finisse seulement par ce que j\u2019ai v\u00e9cu : la maladie, le viol. Ce sont des moments de ma vie qui ne me l\u00e2cheront plus. <\/p>\n<p><strong>Quels passages ont \u00e9t\u00e9 les plus difficiles \u00e0 \u00e9crire ?<\/strong> <br \/>Il y a le deuil de ma meilleure amie, c\u2019est une chose dont je ne parle jamais, et le viol. Dans le livre, j\u2019ai souhait\u00e9 en parler de mani\u00e8re pr\u00e9cise, mais pas non plus d\u00e9taill\u00e9e. Pour le viol ou le deuil, c\u2019est assez clair pour tout le monde. Ce sont des choses intimes et universelles. Les mots parlent \u00e0 tout le monde. <br \/><strong>Ce livre vous a-t-il permis de tourner une page, de vous lib\u00e9rer ?<\/strong> <br \/>Je suis lib\u00e9r\u00e9e. Avec ce livre, j\u2019ai tout dit. J\u2019ai tout dit \u00e0 mes parents et \u00e0 mes proches. Je n\u2019ai plus le poids que j\u2019avais avant. <\/p>\n<p><strong>Comment avez-vous trouv\u00e9 les mots justes pour raconter ce que vous n\u2019avez jamais voulu dire\u00a0? <\/strong> <br \/>Je pense que c\u2019est le c\u0153ur. Certaines personnes chantent, jouent de la musique, moi c\u2019est l\u2019\u00e9criture. <br \/>\u00a0 <br \/><strong>Qu\u2019est-ce qui vous a aid\u00e9e \u00e0 traverser toutes ces \u00e9preuves ?<\/strong> <br \/>Je me suis sentie tr\u00e8s seule. Mais je ne me suis jamais dit : \u00ab Pourquoi moi ? \u00bb Je n\u2019ai pas eu d\u2019enfance, ni d\u2019adolescence. Je n\u2019ai pas v\u00e9cu la m\u00eame chose que mes amis. Je n\u2019ai pas envie qu\u2019on me plaigne. <\/p>\n<p><strong>Quel r\u00f4le a jou\u00e9 la foi dans votre reconstruction ?<\/strong> <br \/>Pour ma part, c\u2019est avec la foi que j\u2019ai d\u00e9couvert gr\u00e2ce \u00e0 mon cousin, le P\u00e8re Georges Nicoli. Je ne suis pas n\u00e9e dans une famille pratiquante. C\u2019est quelque chose que j\u2019ai d\u00e9couvert seule, apr\u00e8s la mort de ma meilleure amie. Je ne mangeais plus, on m\u2019a donn\u00e9 une pri\u00e8re \u00e0 r\u00e9citer, et deux semaines plus tard je mangeais.\n\t\t\t\t <\/p>\n","protected":false},"excerpt":{"rendered":"Pouvez-vous nous pr\u00e9senter votre livre, Le Soleil aux l\u00e8vres ? De quoi parle-t-il ? C\u2019est un livre qui&hellip;\n","protected":false},"author":2,"featured_media":188292,"comment_status":"","ping_status":"","sticky":false,"template":"","format":"standard","meta":{"footnotes":""},"categories":[1357],"tags":[32598,1267,5621,1379,32599,4296,2517,1362,58,4660,59,1011,27,32600,4075,32601,32602,1351,2003,1380,4904,32603,4717,1265],"class_list":{"0":"post-188291","1":"post","2":"type-post","3":"status-publish","4":"format-standard","5":"has-post-thumbnail","7":"category-livres","8":"tag-soleil-aux-levres-dans-son-premier-livre","9":"tag-agression-sexuelle","10":"tag-bastia","11":"tag-books","12":"tag-chemin-de-vie","13":"tag-christianisme","14":"tag-corse","15":"tag-deuil","16":"tag-divertissement","17":"tag-edition","18":"tag-entertainment","19":"tag-fr","20":"tag-france","21":"tag-helena-nicoli","22":"tag-jeunesse","23":"tag-la-bastiaise-helena-nicoli-raconte-le-deuil","24":"tag-le-viol-et-la-resilience","25":"tag-litterature","26":"tag-livre","27":"tag-livres","28":"tag-soleil","29":"tag-temoignage-personnel","30":"tag-vie","31":"tag-viol"},"share_on_mastodon":{"url":"https:\/\/pubeurope.com\/@fr\/114709805414153922","error":""},"_links":{"self":[{"href":"https:\/\/www.europesays.com\/fr\/wp-json\/wp\/v2\/posts\/188291","targetHints":{"allow":["GET"]}}],"collection":[{"href":"https:\/\/www.europesays.com\/fr\/wp-json\/wp\/v2\/posts"}],"about":[{"href":"https:\/\/www.europesays.com\/fr\/wp-json\/wp\/v2\/types\/post"}],"author":[{"embeddable":true,"href":"https:\/\/www.europesays.com\/fr\/wp-json\/wp\/v2\/users\/2"}],"replies":[{"embeddable":true,"href":"https:\/\/www.europesays.com\/fr\/wp-json\/wp\/v2\/comments?post=188291"}],"version-history":[{"count":0,"href":"https:\/\/www.europesays.com\/fr\/wp-json\/wp\/v2\/posts\/188291\/revisions"}],"wp:featuredmedia":[{"embeddable":true,"href":"https:\/\/www.europesays.com\/fr\/wp-json\/wp\/v2\/media\/188292"}],"wp:attachment":[{"href":"https:\/\/www.europesays.com\/fr\/wp-json\/wp\/v2\/media?parent=188291"}],"wp:term":[{"taxonomy":"category","embeddable":true,"href":"https:\/\/www.europesays.com\/fr\/wp-json\/wp\/v2\/categories?post=188291"},{"taxonomy":"post_tag","embeddable":true,"href":"https:\/\/www.europesays.com\/fr\/wp-json\/wp\/v2\/tags?post=188291"}],"curies":[{"name":"wp","href":"https:\/\/api.w.org\/{rel}","templated":true}]}}