{"id":188299,"date":"2025-06-19T11:34:09","date_gmt":"2025-06-19T11:34:09","guid":{"rendered":"https:\/\/www.europesays.com\/fr\/188299\/"},"modified":"2025-06-19T11:34:09","modified_gmt":"2025-06-19T11:34:09","slug":"la-has-preconise-un-depistage-systematique-du-cytomegalovirus-pendant-la-grossesse","status":"publish","type":"post","link":"https:\/\/www.europesays.com\/fr\/188299\/","title":{"rendered":"La HAS pr\u00e9conise un d\u00e9pistage syst\u00e9matique du cytom\u00e9galovirus pendant la grossesse"},"content":{"rendered":"<p>Faut-il tester toutes les femmes enceintes contre le <a href=\"https:\/\/www.20minutes.fr\/sante\/1639735-20150625-cmv-virus-meconnu-pourtant-tres-dangereux-femmes-enceintes\" target=\"_blank\" class=\"color-ultramarine c-link\" rel=\"noopener\">cytom\u00e9galovirus<\/a> (CMV)\u00a0? La <a href=\"https:\/\/www.has-sante.fr\/jcms\/\" rel=\"nofollow noopener\" target=\"_blank\" class=\"color-ultramarine c-link\">Haute Autorit\u00e9 de sant\u00e9 (HAS)<\/a> a tranch\u00e9\u00a0: elle pr\u00e9conise un d\u00e9pistage syst\u00e9matique, une d\u00e9cision qui pourrait changer les pratiques pr\u00e9natales en France et relancer le d\u00e9bat scientifique sur cette infection encore m\u00e9connue mais potentiellement dangereuse pour le f\u0153tus.<\/p>\n<p>Dans une recommandation rendue publique ce mardi, la HAS propose que \u00ab\u00a0toutes les <a href=\"https:\/\/www.20minutes.fr\/dossier\/grossesse\" target=\"_blank\" class=\"color-ultramarine c-link\" rel=\"noopener\">femmes enceintes<\/a> dont le statut s\u00e9rologique est inconnu ou n\u00e9gatif\u00a0\u00bb soient syst\u00e9matiquement test\u00e9es pour le CMV, un virus tr\u00e8s r\u00e9pandu de la famille de l\u2019herp\u00e8s, \u00e9galement proche de celui de la varicelle ou du bouton de fi\u00e8vre. Transmis par contact \u00e9troit avec des s\u00e9cr\u00e9tions corporelles, le CMV est souvent b\u00e9nin, voire asymptomatique, mais il peut entra\u00eener de graves s\u00e9quelles chez le f\u0153tus, notamment une surdit\u00e9 ou des troubles neurologiques.<\/p>\n<p>Un tiers des femmes sont d\u00e9j\u00e0 test\u00e9es<\/p>\n<p>Jusqu\u2019ici, le <a href=\"https:\/\/www.20minutes.fr\/sante\/depistage\/\" target=\"_blank\" class=\"color-ultramarine c-link\" rel=\"noopener\">d\u00e9pistage<\/a> reposait essentiellement sur l\u2019initiative des <a href=\"https:\/\/www.20minutes.fr\/dossier\/medecin\" target=\"_blank\" class=\"color-ultramarine c-link\" rel=\"noopener\">m\u00e9decins<\/a> ou des patientes. En pratique, pr\u00e8s d\u2019un tiers des femmes enceintes sont d\u00e9j\u00e0 test\u00e9es. Mais cette prise en charge restait in\u00e9galitaire et non encadr\u00e9e, malgr\u00e9 les appels r\u00e9currents de nombreux professionnels de sant\u00e9, dont l\u2019Acad\u00e9mie de m\u00e9decine, \u00e0 en faire une politique syst\u00e9matique.<\/p>\n<\/p>\n<p>La HAS prend ainsi le contre-pied du <a href=\"https:\/\/www.hcsp.fr\/explore.cgi\/Accueil\" rel=\"nofollow noopener\" target=\"_blank\" class=\"color-ultramarine c-link\">Haut Conseil de la sant\u00e9 publique (HCSP)<\/a>, qui s\u2019\u00e9tait oppos\u00e9 \u00e0 un tel d\u00e9pistage de masse, pointant notamment le manque de donn\u00e9es sur les b\u00e9n\u00e9fices du traitement principal, le valaciclovir, administr\u00e9 en cas d\u2019infection pendant la grossesse. Selon le HCSP, l\u2019efficacit\u00e9 de cette strat\u00e9gie n\u2019est pas suffisamment d\u00e9montr\u00e9e et les risques du traitement \u00e0 grande \u00e9chelle restent mal connus.<\/p>\n<p>Une d\u00e9cision attendue par le corps m\u00e9dical<\/p>\n<p>Mais pour la HAS, \u00ab\u00a0le fardeau que repr\u00e9sente l\u2019infection par le CMV au cours de la grossesse\u00a0\u00bb justifie un changement de cap. L\u2019autorit\u00e9 souligne \u00e9galement que \u00ab\u00a0l\u2019existence d\u2019un test de d\u00e9tection et d\u2019un traitement pouvant limiter la transmission au <a href=\"https:\/\/www.20minutes.fr\/dossier\/foetus\" target=\"_blank\" class=\"color-ultramarine c-link\" rel=\"noopener\">f\u0153tus<\/a>\u00a0\u00bb, combin\u00e9e \u00e0 des disparit\u00e9s territoriales dans l\u2019acc\u00e8s au d\u00e9pistage, plaide en faveur d\u2019une harmonisation des pratiques.<\/p>\n<p><a href=\"https:\/\/www.20minutes.fr\/dossier\/grossesse\" target=\"_blank\" class=\"c-link c-btn c-btn--primary\" rel=\"noopener\">Notre dossier sur la grossesse<\/a><\/p>\n<p>Cette d\u00e9cision, attendue de longue date par une partie du corps m\u00e9dical, n\u2019est cependant pas d\u00e9finitive. La HAS pr\u00e9voit une r\u00e9\u00e9valuation dans un d\u00e9lai de trois ans, le temps de recueillir des donn\u00e9es sur l\u2019efficacit\u00e9 r\u00e9elle du d\u00e9pistage et la s\u00e9curit\u00e9 du valaciclovir \u00ab\u00a0sur le long terme, \u00e0 plus large \u00e9chelle et son effet sur les s\u00e9quelles du f\u0153tus et du nouveau-n\u00e9\u00a0\u00bb.<\/p>\n","protected":false},"excerpt":{"rendered":"Faut-il tester toutes les femmes enceintes contre le cytom\u00e9galovirus (CMV)\u00a0? La Haute Autorit\u00e9 de sant\u00e9 (HAS) a tranch\u00e9\u00a0:&hellip;\n","protected":false},"author":2,"featured_media":188300,"comment_status":"","ping_status":"","sticky":false,"template":"","format":"standard","meta":{"footnotes":""},"categories":[10],"tags":[47,14754,28944,32609,1011,27,196,72,224,71,32610,5336],"class_list":{"0":"post-188299","1":"post","2":"type-post","3":"status-publish","4":"format-standard","5":"has-post-thumbnail","7":"category-sante","8":"tag-actualite","9":"tag-depistage","10":"tag-enceinte","11":"tag-foetus","12":"tag-fr","13":"tag-france","14":"tag-grossesse","15":"tag-health","16":"tag-medecine","17":"tag-sante","18":"tag-varicelle","19":"tag-virus"},"share_on_mastodon":{"url":"https:\/\/pubeurope.com\/@fr\/114709821267856642","error":""},"_links":{"self":[{"href":"https:\/\/www.europesays.com\/fr\/wp-json\/wp\/v2\/posts\/188299","targetHints":{"allow":["GET"]}}],"collection":[{"href":"https:\/\/www.europesays.com\/fr\/wp-json\/wp\/v2\/posts"}],"about":[{"href":"https:\/\/www.europesays.com\/fr\/wp-json\/wp\/v2\/types\/post"}],"author":[{"embeddable":true,"href":"https:\/\/www.europesays.com\/fr\/wp-json\/wp\/v2\/users\/2"}],"replies":[{"embeddable":true,"href":"https:\/\/www.europesays.com\/fr\/wp-json\/wp\/v2\/comments?post=188299"}],"version-history":[{"count":0,"href":"https:\/\/www.europesays.com\/fr\/wp-json\/wp\/v2\/posts\/188299\/revisions"}],"wp:featuredmedia":[{"embeddable":true,"href":"https:\/\/www.europesays.com\/fr\/wp-json\/wp\/v2\/media\/188300"}],"wp:attachment":[{"href":"https:\/\/www.europesays.com\/fr\/wp-json\/wp\/v2\/media?parent=188299"}],"wp:term":[{"taxonomy":"category","embeddable":true,"href":"https:\/\/www.europesays.com\/fr\/wp-json\/wp\/v2\/categories?post=188299"},{"taxonomy":"post_tag","embeddable":true,"href":"https:\/\/www.europesays.com\/fr\/wp-json\/wp\/v2\/tags?post=188299"}],"curies":[{"name":"wp","href":"https:\/\/api.w.org\/{rel}","templated":true}]}}