{"id":188309,"date":"2025-06-19T11:39:09","date_gmt":"2025-06-19T11:39:09","guid":{"rendered":"https:\/\/www.europesays.com\/fr\/188309\/"},"modified":"2025-06-19T11:39:09","modified_gmt":"2025-06-19T11:39:09","slug":"la-tragique-complaisance-envers-netanyahou-mediapart","status":"publish","type":"post","link":"https:\/\/www.europesays.com\/fr\/188309\/","title":{"rendered":"La tragique complaisance envers N\u00e9tanyahou &#8211; Mediapart"},"content":{"rendered":"<ol>\n<li><a href=\"https:\/\/news.google.com\/rss\/articles\/CBMinAFBVV95cUxQZE1xcWxST3BtWkNDa0NpeUdSYkxPQXNoeFFPWTVmYXdGWXhCU2xLbU1rZkM4REFRMUlRZWMzQlVxWVZIMm1NeWFhSlZEVndfWUQtX0txZVd3aFFBMkZ5YlByUlBaSDVfWjBGeFYzdFhGN1l3M0V3UDdNakRibHdmczJnYUl4Sk5GRF9PcW1GT3h5OXg0dEJRc1FhdmM?oc=5\" target=\"_blank\" rel=\"noopener\">La tragique complaisance envers N\u00e9tanyahou<\/a>&nbsp;&nbsp;Mediapart<\/li>\n<li><a href=\"https:\/\/news.google.com\/rss\/articles\/CBMitwFBVV95cUxNWGhnUG1fTFhmbWFRWDhNX1Y5VUpycVg1ZXc3UnFMbmtia1dFRU1HZF9oX1dvX3E1ZUkteExWUVBVNjg4RHFZUmZuNDlGZlhiY05WQXVlVkhVSG9KLXVIVTZ2YWhCQ2VTQ0hxRHl0UEZ4RTFsRzlHbzVBM0djNGgyQ05taUVrblhQOHlzN1RRaHIzSHV4YjJGQmN6WXBsM3pPQlNMTldCNHNNUXNJLUFrdE5FYWNfeHc?oc=5\" target=\"_blank\" rel=\"noopener\">Le droit international et les le\u00e7ons de l\u2019histoire<\/a>&nbsp;&nbsp;Le Monde.fr<\/li>\n<li><a href=\"https:\/\/news.google.com\/rss\/articles\/CBMiggFBVV95cUxOSVF2S09XbEYwbmZiWlBLUERFWXhobjBXVS1ueHhxaHlKTkJHY25rVXJVdkNNbzVzOWhmTzdTT2hfSVVqcWVyVjg4NnNINXJEOENTdlFKaWxXVUtfS2IzZ2xBY1Q0Qlc2bC10NHZod2NlRVpuMG02eC1sWmR1QjI4RkxB?oc=5\" target=\"_blank\" rel=\"noopener\">Guerre en Iran: n\u00e9ogaullisme et cynisme \u00e9clair\u00e9<\/a>&nbsp;&nbsp;Causeur<\/li>\n<li><a href=\"https:\/\/news.google.com\/rss\/articles\/CBMikwJBVV95cUxPVGkzckg3NjNJdTVhTnA1Zl94NmRnWWJGcV82TFB1YXFlNXZuV253ZWNBdTg1T2lENkxaa2d5elg3YnNhMzNYbmtfUk1QNUtJeEhXSmpBMlpuZllpUU5CcVNVU0Y0N3lrNnBOSFg5eWQyZGRtcWIwN0xWWFpCWU5RM1IzRzI4dTJPOU9scmRPYzBBZ25rQlZ6LUF6ek93ajB6QXNzOHRqekJ1RnEtejBmdkg3LWN2bmFrei1TSnJYRGVRV0UxX3NfSWE0a245Vkt5cDRuMWFNV2x3cnppYkZ0RmI0bjNrWGRyRnVhRnVRWW9xNUpmMjJueDAxbGVadDdKdjFaUW1CYVB0dWtpM19uMVlzaw?oc=5\" target=\"_blank\" rel=\"noopener\">Du Proche-Orient \u00e0 l&rsquo;Ukraine : la philosophie \u00e0 l&rsquo;\u00e9preuve des nouvelles guerres<\/a>&nbsp;&nbsp;Radio France<\/li>\n<li><a href=\"https:\/\/news.google.com\/rss\/articles\/CBMipwFBVV95cUxQQzBoQlZpTUVvb2FNOHpkZXR2MkZqT3BtcFNHeFFaYzZ4WXFuejVwNGw1cGhQVWp1N2stcFcyVzN2c2tJaGdQdloxbzNhSmpTd2xwaVU3MnNQQkIwdEhCWURoNUNuOUdOY2hlN1ZFajhwUEZ6Y2Z3dE1DYUdVTmZzWFdLOC1lOWt0cjNLS2hqWnVaSnpGZmpMd0FJRWx1UUVNUTlUelNDUQ?oc=5\" target=\"_blank\" rel=\"noopener\">Guerre Isra\u00ebl-Iran : \u00ab On n\u2019implante pas la d\u00e9mocratie par les armes \u00bb<\/a>&nbsp;&nbsp;La Croix<\/li>\n<\/ol>\n","protected":false},"excerpt":{"rendered":"La tragique complaisance envers N\u00e9tanyahou&nbsp;&nbsp;Mediapart Le droit international et les le\u00e7ons de l\u2019histoire&nbsp;&nbsp;Le Monde.fr Guerre en Iran: n\u00e9ogaullisme&hellip;\n","protected":false},"author":2,"featured_media":188310,"comment_status":"","ping_status":"","sticky":false,"template":"","format":"standard","meta":{"footnotes":""},"categories":[5],"tags":[31255,11,952,3939,1011,27,665,5106,14,3019,12,28],"class_list":{"0":"post-188309","1":"post","2":"type-post","3":"status-publish","4":"format-standard","5":"has-post-thumbnail","7":"category-international","8":"tag-accord-nucleaire-iranien","9":"tag-actualites","10":"tag-benyamin-netanyahou","11":"tag-defense-et-diplomatie","12":"tag-fr","13":"tag-france","14":"tag-gaza","15":"tag-guerre-au-proche-orient","16":"tag-international","17":"tag-iran","18":"tag-news","19":"tag-world"},"share_on_mastodon":{"url":"https:\/\/pubeurope.com\/@fr\/114709840784696419","error":""},"_links":{"self":[{"href":"https:\/\/www.europesays.com\/fr\/wp-json\/wp\/v2\/posts\/188309","targetHints":{"allow":["GET"]}}],"collection":[{"href":"https:\/\/www.europesays.com\/fr\/wp-json\/wp\/v2\/posts"}],"about":[{"href":"https:\/\/www.europesays.com\/fr\/wp-json\/wp\/v2\/types\/post"}],"author":[{"embeddable":true,"href":"https:\/\/www.europesays.com\/fr\/wp-json\/wp\/v2\/users\/2"}],"replies":[{"embeddable":true,"href":"https:\/\/www.europesays.com\/fr\/wp-json\/wp\/v2\/comments?post=188309"}],"version-history":[{"count":0,"href":"https:\/\/www.europesays.com\/fr\/wp-json\/wp\/v2\/posts\/188309\/revisions"}],"wp:featuredmedia":[{"embeddable":true,"href":"https:\/\/www.europesays.com\/fr\/wp-json\/wp\/v2\/media\/188310"}],"wp:attachment":[{"href":"https:\/\/www.europesays.com\/fr\/wp-json\/wp\/v2\/media?parent=188309"}],"wp:term":[{"taxonomy":"category","embeddable":true,"href":"https:\/\/www.europesays.com\/fr\/wp-json\/wp\/v2\/categories?post=188309"},{"taxonomy":"post_tag","embeddable":true,"href":"https:\/\/www.europesays.com\/fr\/wp-json\/wp\/v2\/tags?post=188309"}],"curies":[{"name":"wp","href":"https:\/\/api.w.org\/{rel}","templated":true}]}}