{"id":18831,"date":"2025-04-12T02:17:22","date_gmt":"2025-04-12T02:17:22","guid":{"rendered":"https:\/\/www.europesays.com\/fr\/18831\/"},"modified":"2025-04-12T02:17:22","modified_gmt":"2025-04-12T02:17:22","slug":"une-nuit-au-musee-a-revivre-dans-un-documentaire-inedit","status":"publish","type":"post","link":"https:\/\/www.europesays.com\/fr\/18831\/","title":{"rendered":"une nuit au mus\u00e9e \u00e0 revivre dans un documentaire in\u00e9dit"},"content":{"rendered":"<p class=\"editor-content__paragraph\">Qui n\u2019a jamais r\u00eav\u00e9 de<strong> d\u00e9ambuler au Louvre<\/strong> une fois la nuit tomb\u00e9e\u00a0? Le 25\u00a0mars dernier, <strong> Ga\u00ebl Faye<\/strong> l\u2019a fait\u00a0! Mieux encore, l\u2019artiste franco-rwandais a embarqu\u00e9 une centaine de personnes dans une <strong>randonn\u00e9e nocturne<\/strong> \u00e0 travers les salles du plus grand mus\u00e9e du monde.<\/p>\n<p class=\"editor-content__paragraph\">Cette exploration po\u00e9tique inaugurait ainsi <a href=\"https:\/\/www.beauxarts.com\/lifestyle\/randonnee-concerts-masterclass-lexaltante-carte-blanche-de-gael-faye-au-louvre\/\" target=\"_blank\" rel=\"noopener nofollow\"><strong>la carte blanche du chanteur et \u00e9crivain au Louvre<\/strong><\/a> d\u00e9di\u00e9e au m\u00e9tissage dans l\u2019art. Bonne nouvelle pour ceux qui n\u2019ont pas eu la chance d\u2019y \u00eatre\u00a0: <strong>un documentaire<\/strong>, dont Beaux Arts Magazine est partenaire, retrace cette exp\u00e9rience in\u00e9dite. \u00c0 voir ici-m\u00eame ou sur Youtube, en <strong>acc\u00e8s libre<\/strong>.<\/p>\n<p>        \u00c0 lire aussi :<br \/>\n        <a class=\"renvoi-explicite__link\" href=\"https:\/\/www.beauxarts.com\/lifestyle\/randonnee-concerts-masterclass-lexaltante-carte-blanche-de-gael-faye-au-louvre\/\" rel=\"nofollow noopener\" target=\"_blank\">Randonn\u00e9e, concerts, masterclass : l\u2019exaltante carte blanche de Ga\u00ebl Faye au Louvre<\/a><\/p>\n<p>Un dialogue avec les \u0153uvres du Louvre<\/p>\n<p class=\"editor-content__paragraph\">Pour nous faire <strong>red\u00e9couvrir les chefs-d\u2019\u0153uvre du Louvre<\/strong>, Ga\u00ebl Faye s\u2019est entour\u00e9 d\u2019artistes dont les performances ponctuent la balade. Dans la cour Puget, les mots du pensionnaire de la Com\u00e9die-Fran\u00e7aise <strong>Ga\u00ebl Kamilindi<\/strong>,\u00a0r\u00e9sonnent entre les sculptures, interrogeant la force et le pouvoir aux c\u00f4t\u00e9s du Milon de Crotone et de L\u2019Enl\u00e8vement d\u2019Androm\u00e8de par Pers\u00e9e. Plus loin, <a href=\"https:\/\/www.beauxarts.com\/grand-format\/les-taureaux-de-khorsabad-quand-la-pierre-donne-des-ailes\/\" target=\"_blank\" rel=\"noopener nofollow\">les taureaux ail\u00e9s de la cour Khorsabad<\/a> semblent veiller sur le chant envo\u00fbtant de la Belgo-Camerounaise <strong>Lubiana<\/strong>, tandis que dans les vestiges m\u00e9di\u00e9vaux du Louvre s\u2019\u00e9l\u00e8ve la voix de la Franco-Vietnamienne <strong>George Ka<\/strong>. Ses notes sont-elles parvenues jusqu\u2019aux oreilles du grand sphinx de Tanis, gardien des lieux\u00a0?<\/p>\n<p>Entre po\u00e9sie et danse<\/p>\n<p class=\"editor-content__paragraph\">Le voyage s\u2019ach\u00e8ve <strong>sous la pyramide du Louvre<\/strong>. Guid\u00e9s par le po\u00e8te camerounais <strong>Marc Alexandre Oho Bambe<\/strong>, dit Capitaine Alexandre, des slameurs et slameuses font vibrer l\u2019espace de leur verbe. Puis, en apoth\u00e9ose, les <strong>danseurs Intore<\/strong>, h\u00e9ritiers d\u2019une tradition rwandaise inscrite au patrimoine immat\u00e9riel de l\u2019UNESCO, se laissent emporter par la puissance des<strong> tambours royaux du Burundi<\/strong>. Un final envo\u00fbtant, \u00e0 l\u2019image de cette nuit <strong>hors du temps<\/strong>.<\/p>\n<p>        \u00c0 lire aussi :<br \/>\n        <a class=\"renvoi-explicite__link\" href=\"https:\/\/www.beauxarts.com\/lifestyle\/une-web-serie-de-loreal-et-du-louvre-casse-les-stereotypes-en-beaute\/\" rel=\"nofollow noopener\" target=\"_blank\">Une web-s\u00e9rie de L\u2019Or\u00e9al et du Louvre casse les st\u00e9r\u00e9otypes en beaut\u00e9<\/a><\/p>\n<p>  Arrow<\/p>\n<p>Ga\u00ebl Faye \u2013 Carte blanche au Louvre<\/p>\n<p class=\"annexe-content__subtitle\">Une production LOUD &amp; Beaux Arts Magazine, en partenariat avec le mus\u00e9e du Louvre<\/p>\n<p>R\u00e9alisateur : Louis Marie ; Producteur d\u00e9l\u00e9gu\u00e9 : Thomas Routier ; Supervision cr\u00e9ative : Dat-way ; Directrice de production : Iris Guazzini ; Directeur marketing : Nathanael Habibi\u00a0 ; Direction \u00e9ditoriale : Emile Biraud<br \/>Retrouvez bient\u00f4t ce premier acte de la carte blanche de Ga\u00ebl Faye au mus\u00e9e du Louvre en podcast sur <a class=\"c-link\" href=\"http:\/\/franceculture.fr\" target=\"_blank\" rel=\"noopener noreferrer nofollow\" data-stringify-link=\"http:\/\/franceculture.fr\" data-sk=\"tooltip_parent\">franceculture.fr<\/a> et sur l\u2019application Radio France.<\/p>\n<p>  Arrow<\/p>\n<p>Tous les \u00e9v\u00e9nements de la carte blanche \u00e0 Ga\u00ebl Faye au Louvre<\/p>\n<p>Randonn\u00e9e au Louvre : le 25 mars 2025 de 19h30 \u00e0 23h<br \/>Masterclass : le 13 mai 2025 \u00e0 19h<br \/>Ga\u00ebl Faye invite les danseurs intore lors de la Nuit des mus\u00e9es : le 17 mai<br \/>Deux concerts le 20 mai 2025 \u00e0 19h et 22h<br \/>Plus d\u2019informations <a href=\"https:\/\/www.louvre.fr\/expositions-et-evenements\/evenements-activites\/gael-faye-au-louvre\" target=\"_blank\" rel=\"noopener nofollow\">sur le site du Louvre<\/a><\/p>\n","protected":false},"excerpt":{"rendered":"Qui n\u2019a jamais r\u00eav\u00e9 de d\u00e9ambuler au Louvre une fois la nuit tomb\u00e9e\u00a0? Le 25\u00a0mars dernier, Ga\u00ebl Faye&hellip;\n","protected":false},"author":2,"featured_media":18832,"comment_status":"","ping_status":"","sticky":false,"template":"","format":"standard","meta":{"footnotes":""},"categories":[1358],"tags":[1348,1384,1385,1386,58,1190,59,1011,27,3094],"class_list":{"0":"post-18831","1":"post","2":"type-post","3":"status-publish","4":"format-standard","5":"has-post-thumbnail","7":"category-arts-et-design","8":"tag-arts","9":"tag-arts-and-design","10":"tag-arts-et-design","11":"tag-design","12":"tag-divertissement","13":"tag-documentaire","14":"tag-entertainment","15":"tag-fr","16":"tag-france","17":"tag-musee-du-louvre"},"share_on_mastodon":{"url":"https:\/\/pubeurope.com\/@fr\/114322594004784910","error":""},"_links":{"self":[{"href":"https:\/\/www.europesays.com\/fr\/wp-json\/wp\/v2\/posts\/18831","targetHints":{"allow":["GET"]}}],"collection":[{"href":"https:\/\/www.europesays.com\/fr\/wp-json\/wp\/v2\/posts"}],"about":[{"href":"https:\/\/www.europesays.com\/fr\/wp-json\/wp\/v2\/types\/post"}],"author":[{"embeddable":true,"href":"https:\/\/www.europesays.com\/fr\/wp-json\/wp\/v2\/users\/2"}],"replies":[{"embeddable":true,"href":"https:\/\/www.europesays.com\/fr\/wp-json\/wp\/v2\/comments?post=18831"}],"version-history":[{"count":0,"href":"https:\/\/www.europesays.com\/fr\/wp-json\/wp\/v2\/posts\/18831\/revisions"}],"wp:featuredmedia":[{"embeddable":true,"href":"https:\/\/www.europesays.com\/fr\/wp-json\/wp\/v2\/media\/18832"}],"wp:attachment":[{"href":"https:\/\/www.europesays.com\/fr\/wp-json\/wp\/v2\/media?parent=18831"}],"wp:term":[{"taxonomy":"category","embeddable":true,"href":"https:\/\/www.europesays.com\/fr\/wp-json\/wp\/v2\/categories?post=18831"},{"taxonomy":"post_tag","embeddable":true,"href":"https:\/\/www.europesays.com\/fr\/wp-json\/wp\/v2\/tags?post=18831"}],"curies":[{"name":"wp","href":"https:\/\/api.w.org\/{rel}","templated":true}]}}