{"id":188318,"date":"2025-06-19T11:44:22","date_gmt":"2025-06-19T11:44:22","guid":{"rendered":"https:\/\/www.europesays.com\/fr\/188318\/"},"modified":"2025-06-19T11:44:22","modified_gmt":"2025-06-19T11:44:22","slug":"toul-habitat-et-humanisme-lorraine-celebre-ses-40-ans-2","status":"publish","type":"post","link":"https:\/\/www.europesays.com\/fr\/188318\/","title":{"rendered":"Toul. Habitat et Humanisme Lorraine c\u00e9l\u00e8bre ses 40 ans"},"content":{"rendered":"<p>Une exposition de portraits photographiques pris par des locataires et des b\u00e9n\u00e9voles, repr\u00e9sentant un mot en langage des signes, et un vin d\u2019honneur proposant des gourmandises sal\u00e9es, concoct\u00e9es de concert par les r\u00e9sidents et les b\u00e9n\u00e9voles de l\u2019association Habitat &amp; Humanisme Lorraine ont constitu\u00e9 les moments forts de cet \u00e9v\u00e8nement qui a rassembl\u00e9 les r\u00e9sidents, les b\u00e9n\u00e9voles, les salari\u00e9s de l\u2019association ainsi que de nombreux invit\u00e9s \u00e0 la maison interg\u00e9n\u00e9rationnelle de Toul.<\/p>\n<p>Depuis 40 ans, pour r\u00e9pondre \u00e0 l\u2019exclusion et l\u2019isolement des personnes en difficult\u00e9, Habitat et Humanisme, f\u00e9d\u00e9ration cr\u00e9\u00e9e \u00e0 Lyon en 1985 et comprenant \u00e0 ce jour 58 associations locales sur le territoire national, agit en faveur du logement, de l\u2019insertion et de la recr\u00e9ation de liens sociaux, dans une d\u00e9marche novatrice cr\u00e9ant des logements autonomes et des espaces partag\u00e9s. Ainsi la maison interg\u00e9n\u00e9rationnelle de Toul, inaugur\u00e9e en 2019, accueille aujourd\u2019hui des familles, des retrait\u00e9s et des jeunes dans ses 29 logements.<\/p>\n<p>\u00ab\u00a0Je remercie nos partenaires comme le CCAS de Toul, la mission locale, France Alzheimer et les institutions publiques, nos donateurs, la ville de Toul et le d\u00e9put\u00e9 Dominique Potier sans qui ce projet n\u2019aurait pas pu se concr\u00e9tiser\u00a0\u00bb a confi\u00e9 \u00c9lisabeth Lurent, pr\u00e9sidente d\u2019Habitat &amp; Humanisme Lorraine.<\/p>\n<p> \u25b6 \u2002 Plus de photos sur notre site\u00a0www.estrepublicain.fr<\/p>\n","protected":false},"excerpt":{"rendered":"Une exposition de portraits photographiques pris par des locataires et des b\u00e9n\u00e9voles, repr\u00e9sentant un mot en langage des&hellip;\n","protected":false},"author":2,"featured_media":188188,"comment_status":"","ping_status":"","sticky":false,"template":"","format":"standard","meta":{"footnotes":""},"categories":[9635],"tags":[1111,11,1705,1777,674,1011,27,775,1702,12,25,104,14984,27449,1631],"class_list":{"0":"post-188318","1":"post","2":"type-post","3":"status-publish","4":"format-standard","5":"has-post-thumbnail","7":"category-nancy","8":"tag-actu","9":"tag-actualites","10":"tag-edition-toul","11":"tag-eu","12":"tag-europe","13":"tag-fr","14":"tag-france","15":"tag-grand-est","16":"tag-nancy","17":"tag-news","18":"tag-republique-francaise","19":"tag-societe","20":"tag-toul","21":"tag-toul-ville-54d","22":"tag-vie-associative"},"share_on_mastodon":{"url":"https:\/\/pubeurope.com\/@fr\/114709860412263251","error":""},"_links":{"self":[{"href":"https:\/\/www.europesays.com\/fr\/wp-json\/wp\/v2\/posts\/188318","targetHints":{"allow":["GET"]}}],"collection":[{"href":"https:\/\/www.europesays.com\/fr\/wp-json\/wp\/v2\/posts"}],"about":[{"href":"https:\/\/www.europesays.com\/fr\/wp-json\/wp\/v2\/types\/post"}],"author":[{"embeddable":true,"href":"https:\/\/www.europesays.com\/fr\/wp-json\/wp\/v2\/users\/2"}],"replies":[{"embeddable":true,"href":"https:\/\/www.europesays.com\/fr\/wp-json\/wp\/v2\/comments?post=188318"}],"version-history":[{"count":0,"href":"https:\/\/www.europesays.com\/fr\/wp-json\/wp\/v2\/posts\/188318\/revisions"}],"wp:featuredmedia":[{"embeddable":true,"href":"https:\/\/www.europesays.com\/fr\/wp-json\/wp\/v2\/media\/188188"}],"wp:attachment":[{"href":"https:\/\/www.europesays.com\/fr\/wp-json\/wp\/v2\/media?parent=188318"}],"wp:term":[{"taxonomy":"category","embeddable":true,"href":"https:\/\/www.europesays.com\/fr\/wp-json\/wp\/v2\/categories?post=188318"},{"taxonomy":"post_tag","embeddable":true,"href":"https:\/\/www.europesays.com\/fr\/wp-json\/wp\/v2\/tags?post=188318"}],"curies":[{"name":"wp","href":"https:\/\/api.w.org\/{rel}","templated":true}]}}