{"id":188329,"date":"2025-06-19T11:50:09","date_gmt":"2025-06-19T11:50:09","guid":{"rendered":"https:\/\/www.europesays.com\/fr\/188329\/"},"modified":"2025-06-19T11:50:09","modified_gmt":"2025-06-19T11:50:09","slug":"dans-un-restaurant-de-rouen-un-sdf-mange-pour-68-euros-mais-na-pas-de-quoi-payer","status":"publish","type":"post","link":"https:\/\/www.europesays.com\/fr\/188329\/","title":{"rendered":"Dans un restaurant de Rouen, un SDF mange pour 68 euros mais n&rsquo;a pas de quoi payer"},"content":{"rendered":"<p>            Par<br \/>\n        <strong><br \/>\n            <a href=\"https:\/\/actu.fr\/auteur\/vanessa-leroy\" title=\"Consulter tous les articles de Vanessa Leroy\" rel=\"nofollow noopener\" target=\"_blank\">Vanessa Leroy<\/a><br \/>\n        <\/strong><\/p>\n<p>        Publi\u00e9 le<\/p>\n<p>            19 juin 2025 \u00e0 11h45        <\/p>\n<p>Mercredi 18 juin 2025, vers 23h30, un homme finit son repas au JM\u2019S Caf\u00e9 situ\u00e9,<strong> place du Vieux-March\u00e9<\/strong>, en plein centre-ville de <a href=\"https:\/\/actu.fr\/76actu\/\" rel=\"nofollow noopener\" target=\"_blank\">Rouen<\/a>.<\/p>\n<p>Il dit avoir perdu son portefeuille<\/p>\n<p class=\" wall-content\">Mais au moment de r\u00e9gler <strong>l\u2019addition qui s\u2019\u00e9l\u00e8ve \u00e0 68,80 euros<\/strong>, ce sans domicile fixe de 25 ans, d\u2019origine polonaise, pr\u00e9texte avoir perdu son portefeuille au serveur de l\u2019\u00e9tablissement, qui lui tend la note.<\/p>\n<p class=\" wall-content\">Aussit\u00f4t, le commerce contacte la police pour ce qu\u2019on appelle<strong> une filouterie alimentaire<\/strong>, un d\u00e9lit <strong>passible d\u2019une peine de 6 mois de prison et 7 500 euros d\u2019amende<\/strong> pour l\u2019auteur des faits.<\/p>\n<p class=\" wall-content\">Aux forces de l\u2019ordre, l\u2019homme r\u00e9it\u00e8re ses propos et n\u2019a pas de quoi payer sur place. Il a donc \u00e9t\u00e9 conduit \u00e0 l\u2019h\u00f4tel de police de Rouen.<\/p>\n<p>Suivez l\u2019actualit\u00e9 de Rouen <a href=\"https:\/\/www.whatsapp.com\/channel\/0029VaKfnf99hXF2ddApFB1D\" rel=\"nofollow noopener\" target=\"_blank\">sur notre cha\u00eene WhatsApp<\/a> et <a href=\"https:\/\/www.tiktok.com\/@76actu.fr?lang=fr\" rel=\"nofollow noopener\" target=\"_blank\">sur notre compte Tik Tok<\/a>Vid\u00e9os : en ce moment sur Actu<\/p>\n<p class=\" wall-content\">Suivez toute l\u2019actualit\u00e9 de vos villes et m\u00e9dias favoris en vous inscrivant \u00e0 <a href=\"https:\/\/moncompte.actu.fr\" title=\"D\u00e9couvez Mon Actu\" rel=\"nofollow noopener\" data-trk=\"{&quot;cta&quot;:{&quot;action&quot;:&quot;https:\\\/\\\/moncompte.actu.fr&quot;,&quot;category&quot;:&quot;mon compte&quot;,&quot;from&quot;:&quot;article footer&quot;,&quot;name&quot;:&quot;Mon actu&quot;,&quot;type&quot;:&quot;cta&quot;}}\" target=\"_blank\">Mon Actu<\/a>.<\/p>\n<p>                    <script async src=\"\/\/www.tiktok.com\/embed.js\"><\/script><\/p>\n","protected":false},"excerpt":{"rendered":"Par Vanessa Leroy Publi\u00e9 le 19 juin 2025 \u00e0 11h45 Mercredi 18 juin 2025, vers 23h30, un homme&hellip;\n","protected":false},"author":2,"featured_media":188330,"comment_status":"","ping_status":"","sticky":false,"template":"","format":"standard","meta":{"footnotes":""},"categories":[9587],"tags":[1111,11,1777,674,118,1011,27,12,5161,1072,25,1340,9590],"class_list":{"0":"post-188329","1":"post","2":"type-post","3":"status-publish","4":"format-standard","5":"has-post-thumbnail","7":"category-rouen","8":"tag-actu","9":"tag-actualites","10":"tag-eu","11":"tag-europe","12":"tag-faits-divers","13":"tag-fr","14":"tag-france","15":"tag-news","16":"tag-normandie","17":"tag-police","18":"tag-republique-francaise","19":"tag-restaurant","20":"tag-rouen"},"share_on_mastodon":{"url":"https:\/\/pubeurope.com\/@fr\/114709883953711518","error":""},"_links":{"self":[{"href":"https:\/\/www.europesays.com\/fr\/wp-json\/wp\/v2\/posts\/188329","targetHints":{"allow":["GET"]}}],"collection":[{"href":"https:\/\/www.europesays.com\/fr\/wp-json\/wp\/v2\/posts"}],"about":[{"href":"https:\/\/www.europesays.com\/fr\/wp-json\/wp\/v2\/types\/post"}],"author":[{"embeddable":true,"href":"https:\/\/www.europesays.com\/fr\/wp-json\/wp\/v2\/users\/2"}],"replies":[{"embeddable":true,"href":"https:\/\/www.europesays.com\/fr\/wp-json\/wp\/v2\/comments?post=188329"}],"version-history":[{"count":0,"href":"https:\/\/www.europesays.com\/fr\/wp-json\/wp\/v2\/posts\/188329\/revisions"}],"wp:featuredmedia":[{"embeddable":true,"href":"https:\/\/www.europesays.com\/fr\/wp-json\/wp\/v2\/media\/188330"}],"wp:attachment":[{"href":"https:\/\/www.europesays.com\/fr\/wp-json\/wp\/v2\/media?parent=188329"}],"wp:term":[{"taxonomy":"category","embeddable":true,"href":"https:\/\/www.europesays.com\/fr\/wp-json\/wp\/v2\/categories?post=188329"},{"taxonomy":"post_tag","embeddable":true,"href":"https:\/\/www.europesays.com\/fr\/wp-json\/wp\/v2\/tags?post=188329"}],"curies":[{"name":"wp","href":"https:\/\/api.w.org\/{rel}","templated":true}]}}