{"id":188345,"date":"2025-06-19T12:00:10","date_gmt":"2025-06-19T12:00:10","guid":{"rendered":"https:\/\/www.europesays.com\/fr\/188345\/"},"modified":"2025-06-19T12:00:10","modified_gmt":"2025-06-19T12:00:10","slug":"un-homme-dune-vingtaine-dannees-entre-la-vie-et-la-mort-apres-une-noyade","status":"publish","type":"post","link":"https:\/\/www.europesays.com\/fr\/188345\/","title":{"rendered":"un homme, d&rsquo;une vingtaine d&rsquo;ann\u00e9es, entre la vie et la mort apr\u00e8s une noyade"},"content":{"rendered":"<p>Ce sont des t\u00e9moins de la sc\u00e8ne qui ont r\u00e9ussi \u00e0 le sortir de l&rsquo;eau. Mercredi soir sur une plage de Nice, dans les Alpes-Maritimes, un jeune homme d&rsquo;une vingtaine d&rsquo;ann\u00e9es a \u00e9t\u00e9 vidtime d&rsquo;une noyade, rapporte <a href=\"https:\/\/www.nicematin.com\/faits-divers\/un-homme-dune-vingtaine-dannees-victime-dune-noyade-a-nice-990731\" target=\"_blank\" rel=\"noopener\">le site de Nice-Matin<\/a>.\u00a0<\/p>\n<p>Les secours arriv\u00e9s sur place ont longuement tent\u00e9 de r\u00e9animer la victime. Les\u00a0 pompiers et l&rsquo;\u00e9quipe m\u00e9dicale du Smur de la cit\u00e9 des Aiglons ont tout fait pour que le jeune homme soit\u00a0 transport\u00e9 dans les meilleures conditions \u00e0 l&rsquo;h\u00f4pital Pasteur.<\/p>\n<p>Pronostic vital engag\u00e9<\/p>\n<p>Il \u00e9tait dans un \u00e9tat grave hier soir, pr\u00e9cise la m\u00eame source. Son pronostic vital \u00e9tait m\u00eame engag\u00e9.<\/p>\n<p>Pour rappel : entre le 1 er juin et le 30 septembre 2024, 1 244 noyades ont \u00e9t\u00e9 enregistr\u00e9es dont 350 suivies d&rsquo;un d\u00e9c\u00e8s dans l&rsquo;Hexagone. Le niveau est stable sur la p\u00e9riode par rapport \u00e0 2023, mais Sant\u00e9 publique France, qui pr\u00e9sentait ce bilan jeudi 22 mai, pointe une hausse de 41 % sur la p\u00e9riode du 16 juillet au 15 ao\u00fbt.<\/p>\n<p>Selon ce bilan 2024, les adultes repr\u00e9sentent 56 % des victimes de noyade et les moins de 6 ans, 29 %. Concernant les noyades suivies de d\u00e9c\u00e8s, 9 sur 10 concernent des adultes.<\/p>\n","protected":false},"excerpt":{"rendered":"Ce sont des t\u00e9moins de la sc\u00e8ne qui ont r\u00e9ussi \u00e0 le sortir de l&rsquo;eau. Mercredi soir sur&hellip;\n","protected":false},"author":2,"featured_media":188346,"comment_status":"","ping_status":"","sticky":false,"template":"","format":"standard","meta":{"footnotes":""},"categories":[2819],"tags":[17,1111,11,32621,4440,2834,1777,674,274,1011,27,4933,12,2401,882,25,4717,5014],"class_list":{"0":"post-188345","1":"post","2":"type-post","3":"status-publish","4":"format-standard","5":"has-post-thumbnail","7":"category-nice","8":"tag-17","9":"tag-actu","10":"tag-actualites","11":"tag-dannees","12":"tag-dune","13":"tag-entre","14":"tag-eu","15":"tag-europe","16":"tag-faits-divers-justice","17":"tag-fr","18":"tag-france","19":"tag-homme","20":"tag-news","21":"tag-nice","22":"tag-provence-alpes-cote-dazur","23":"tag-republique-francaise","24":"tag-vie","25":"tag-vingtaine"},"share_on_mastodon":{"url":"https:\/\/pubeurope.com\/@fr\/114709923357635757","error":""},"_links":{"self":[{"href":"https:\/\/www.europesays.com\/fr\/wp-json\/wp\/v2\/posts\/188345","targetHints":{"allow":["GET"]}}],"collection":[{"href":"https:\/\/www.europesays.com\/fr\/wp-json\/wp\/v2\/posts"}],"about":[{"href":"https:\/\/www.europesays.com\/fr\/wp-json\/wp\/v2\/types\/post"}],"author":[{"embeddable":true,"href":"https:\/\/www.europesays.com\/fr\/wp-json\/wp\/v2\/users\/2"}],"replies":[{"embeddable":true,"href":"https:\/\/www.europesays.com\/fr\/wp-json\/wp\/v2\/comments?post=188345"}],"version-history":[{"count":0,"href":"https:\/\/www.europesays.com\/fr\/wp-json\/wp\/v2\/posts\/188345\/revisions"}],"wp:featuredmedia":[{"embeddable":true,"href":"https:\/\/www.europesays.com\/fr\/wp-json\/wp\/v2\/media\/188346"}],"wp:attachment":[{"href":"https:\/\/www.europesays.com\/fr\/wp-json\/wp\/v2\/media?parent=188345"}],"wp:term":[{"taxonomy":"category","embeddable":true,"href":"https:\/\/www.europesays.com\/fr\/wp-json\/wp\/v2\/categories?post=188345"},{"taxonomy":"post_tag","embeddable":true,"href":"https:\/\/www.europesays.com\/fr\/wp-json\/wp\/v2\/tags?post=188345"}],"curies":[{"name":"wp","href":"https:\/\/api.w.org\/{rel}","templated":true}]}}