{"id":188354,"date":"2025-06-19T12:05:09","date_gmt":"2025-06-19T12:05:09","guid":{"rendered":"https:\/\/www.europesays.com\/fr\/188354\/"},"modified":"2025-06-19T12:05:09","modified_gmt":"2025-06-19T12:05:09","slug":"premier-prix-academique-pour-les-eco-delegues-le-college-de-foix-se-distingue","status":"publish","type":"post","link":"https:\/\/www.europesays.com\/fr\/188354\/","title":{"rendered":"Premier prix acad\u00e9mique pour les \u00e9co-d\u00e9l\u00e9gu\u00e9s : le coll\u00e8ge de Foix se distingue"},"content":{"rendered":"<p><strong>Elus pour un an par les \u00e9l\u00e8ves de l\u2019\u00e9tablissement, les \u00e9co-d\u00e9l\u00e9gu\u00e9s d\u2019un coll\u00e8ge sont charg\u00e9s de r\u00e9aliser des actions de transition \u00e9cologique, encadr\u00e9s par leurs enseignants.<\/strong><\/p>\n<p>Au coll\u00e8ge Lakanal, ces \u00e9co-d\u00e9l\u00e9gu\u00e9s ont souhait\u00e9 en 2025 faire \u00e9cho \u00e0 \u00abl\u2019Ann\u00e9e de l\u2019Oc\u00e9an\u00bb en s\u2019int\u00e9ressant aux d\u00e9chets de plastique. Pour s\u2019initier \u00e0 la valorisation de cette mati\u00e8re, les \u00e9l\u00e8ves ont \u00e9t\u00e9 accompagn\u00e9s par l\u2019association <a href=\"https:\/\/www.facebook.com\/profile.php?id=61552186444162\" target=\"_blank\" rel=\"noopener nofollow\">EcoMouv09<\/a>, qui a justement vu le jour pour aider ces jeunes \u00e0 devenir des \u00e9cocitoyens, en s\u2019investissant dans des projets p\u00e9dagogiques. Une visite de l\u2019installation de stockage des d\u00e9chets ultimes du Smectom, \u00e0 Manses, a parachev\u00e9 cette sensibilisation.<\/p>\n<p>Les \u00e9co-d\u00e9l\u00e9gu\u00e9s fux\u00e9ens se sont donc pench\u00e9s sur le devenir des bouchons de plastique. \u00abQuand ils font moins de 5 cm de diam\u00e8tre, ils ne sont pas recycl\u00e9s\u00bb, expliquent-ils. Une premi\u00e8re exp\u00e9rience de collecte de bouchons aupr\u00e8s de leurs camarades et de \u00abgros plastiques\u00bb aupr\u00e8s du personnel du coll\u00e8ge, \u00e0 l\u2019automne, avait permis de montrer qu\u2019il \u00e9tait possible de r\u00e9aliser des bancs color\u00e9s avec cette mati\u00e8re, avec aussi les outils et le savoir-faire d\u2019EcoMouv09.<\/p>\n<p>L\u2019id\u00e9e a donc germ\u00e9, avec leurs enseignantes Mmes Souli\u00e9 et Perroy, de contacter des \u00e9coles de Foix \u2013 Cadirac, Cardi\u00e9 et Mandela \u2013 pour inviter les \u00e9coliers \u00e0 r\u00e9colter les bouchons, \u00abqui sont ensuite transform\u00e9s en bancs de l\u2019amiti\u00e9\u00bb. Un mobilier de cour de r\u00e9cr\u00e9ation qui, par ses couleurs, invite \u00e0 lutter contre la solitude des \u00e9l\u00e8ves \u2013 chaque \u00e9cole va en recevoir un.<\/p>\n<p>Cette d\u00e9marche des \u00e9co-d\u00e9l\u00e9gu\u00e9s fait partie d\u2019un ensemble plus vaste : le coll\u00e8ge est en train de cr\u00e9er une \u00abaire terrestre \u00e9ducative\u00bb autour de la mare situ\u00e9e pr\u00e8s de la demi-pension. Et le projet de v\u00e9g\u00e9talisation d\u2019une partie des espaces ouverts suit son cours.<\/p>\n<p>En attendant, les coll\u00e9giens de Foix ont s\u00e9duit le jury de l\u2019acad\u00e9mie de Toulouse, d\u00e9crochant le \u00abprix de l\u2019action \u00e9co-d\u00e9l\u00e9gu\u00e9s 2025\u00bb. L\u2019occasion id\u00e9ale, pour le nouveau recteur d\u2019acad\u00e9mie Karim Benmiloud, de faire ses premiers pas officiels en Ari\u00e8ge pour venir remettre le prix, le 28 mai dernier.<\/p>\n<p><strong>A.\u2008C.\u2008<\/strong><\/p>\n","protected":false},"excerpt":{"rendered":"Elus pour un an par les \u00e9l\u00e8ves de l\u2019\u00e9tablissement, les \u00e9co-d\u00e9l\u00e9gu\u00e9s d\u2019un coll\u00e8ge sont charg\u00e9s de r\u00e9aliser des&hellip;\n","protected":false},"author":2,"featured_media":188355,"comment_status":"","ping_status":"","sticky":false,"template":"","format":"standard","meta":{"footnotes":""},"categories":[2816],"tags":[1111,11,1777,674,1011,27,12,2680,25,2312],"class_list":{"0":"post-188354","1":"post","2":"type-post","3":"status-publish","4":"format-standard","5":"has-post-thumbnail","7":"category-toulouse","8":"tag-actu","9":"tag-actualites","10":"tag-eu","11":"tag-europe","12":"tag-fr","13":"tag-france","14":"tag-news","15":"tag-occitanie","16":"tag-republique-francaise","17":"tag-toulouse"},"share_on_mastodon":{"url":"https:\/\/pubeurope.com\/@fr\/114709942988556386","error":""},"_links":{"self":[{"href":"https:\/\/www.europesays.com\/fr\/wp-json\/wp\/v2\/posts\/188354","targetHints":{"allow":["GET"]}}],"collection":[{"href":"https:\/\/www.europesays.com\/fr\/wp-json\/wp\/v2\/posts"}],"about":[{"href":"https:\/\/www.europesays.com\/fr\/wp-json\/wp\/v2\/types\/post"}],"author":[{"embeddable":true,"href":"https:\/\/www.europesays.com\/fr\/wp-json\/wp\/v2\/users\/2"}],"replies":[{"embeddable":true,"href":"https:\/\/www.europesays.com\/fr\/wp-json\/wp\/v2\/comments?post=188354"}],"version-history":[{"count":0,"href":"https:\/\/www.europesays.com\/fr\/wp-json\/wp\/v2\/posts\/188354\/revisions"}],"wp:featuredmedia":[{"embeddable":true,"href":"https:\/\/www.europesays.com\/fr\/wp-json\/wp\/v2\/media\/188355"}],"wp:attachment":[{"href":"https:\/\/www.europesays.com\/fr\/wp-json\/wp\/v2\/media?parent=188354"}],"wp:term":[{"taxonomy":"category","embeddable":true,"href":"https:\/\/www.europesays.com\/fr\/wp-json\/wp\/v2\/categories?post=188354"},{"taxonomy":"post_tag","embeddable":true,"href":"https:\/\/www.europesays.com\/fr\/wp-json\/wp\/v2\/tags?post=188354"}],"curies":[{"name":"wp","href":"https:\/\/api.w.org\/{rel}","templated":true}]}}