{"id":188360,"date":"2025-06-19T12:08:15","date_gmt":"2025-06-19T12:08:15","guid":{"rendered":"https:\/\/www.europesays.com\/fr\/188360\/"},"modified":"2025-06-19T12:08:15","modified_gmt":"2025-06-19T12:08:15","slug":"la-premiere-marche-des-fiertes-de-tourcoing-aura-lieu-ce-samedi-voici-le-programme","status":"publish","type":"post","link":"https:\/\/www.europesays.com\/fr\/188360\/","title":{"rendered":"la premi\u00e8re marche des fiert\u00e9s de Tourcoing aura lieu ce samedi, voici le programme"},"content":{"rendered":"<p>            Par<br \/>\n        <strong><br \/>\n            <a href=\"https:\/\/actu.fr\/auteur\/nicolas-demollien\" title=\"Consulter tous les articles de Nicolas Demollien\" rel=\"nofollow noopener\" target=\"_blank\">Nicolas Demollien<\/a><br \/>\n        <\/strong><\/p>\n<p>        Publi\u00e9 le<\/p>\n<p>            19 juin 2025 \u00e0 14h00        <\/p>\n<p>Samedi 21 juin 2025 n\u2019est pas seulement synonyme de <a href=\"https:\/\/actu.fr\/tag\/fete-de-la-musique\" rel=\"nofollow noopener\" target=\"_blank\">F\u00eate de la musique<\/a> \u00e0 <a href=\"https:\/\/actu.fr\/hauts-de-france\/tourcoing_59599\" rel=\"nofollow noopener\" target=\"_blank\">Tourcoing<\/a> (Nord). La troisi\u00e8me ville de la m\u00e9tropole de <a href=\"https:\/\/actu.fr\/hauts-de-france\/lille_59350\" rel=\"nofollow noopener\" target=\"_blank\">Lille<\/a> va en effet accueillir la <b>premi\u00e8re marche des fiert\u00e9s de son histoire<\/b>.<\/p>\n<p>La premi\u00e8re marche des fiert\u00e9s de Tourcoing<\/p>\n<p class=\" wall-content\">Apr\u00e8s moult d\u00e9bats autour de l\u2019\u00e9v\u00e9nement, il aura en effet bien lieu. Le rendez-vous est fix\u00e9 \u00e0 <b>11h devant le Muba Eug\u00e8ne Leroy<\/b> (2, rue Paul Doumer) pour \u00ab\u00a0une journ\u00e9e de lutte, de fiert\u00e9, de f\u00eate et de solidarit\u00e9\u00a0\u00bb, annoncent les organisateurs.<\/p>\n<p class=\" wall-content\">Le <b>cort\u00e8ge<\/b> devrait se lancer vers 11h30 apr\u00e8s plusieurs prises de paroles et autres performances artistiques. Un \u00ab\u00a0<b>break militant<\/b>\u00a0\u00bb est pr\u00e9vu \u00e0 13h30 chez La Tourquennoise (31, rue Saint-Jacques). C\u2019est \u00ab\u00a0une pause conviviale\u00a0pour \u00e9changer, se reposer ou continuer la f\u00eate !\u00a0\u00bb sourient encore les organisateurs. \u00c0 partir de 18h, une <b>soir\u00e9e de cl\u00f4ture<\/b> sera mise en place chez 4 Graines (21, rue de la cloche) avec Christophe Madrolle en live. Avant cela, et jusqu\u2019en d\u00e9but de soir\u00e9e, un <a href=\"https:\/\/actu.fr\/loisirs-culture\/concert\" rel=\"nofollow noopener\" target=\"_blank\">concert<\/a> sera \u00e9galement mis en place chez Madeleine &amp; Roger sur la Grand\u2019Place.<\/p>\n<p>    <a href=\"https:\/\/www.facebook.com\/plugins\/post.php?href=https%3A%2F%2Fwww.facebook.com%2Fpermalink.php%3Fstory_fbid%3Dpfbid02VHG88kDmcfF4HPpR9vwj2wwym9uVE9A9Mvv6azgbCrQojybdvvAjSgfmNqHzy1wfl%26id%3D61569649473911&amp;show_text=true&amp;width=350\" title=\"Ouvrie le lien\" rel=\"nofollow noopener\" target=\"_blank\">Cliquez ici pour visualiser le contenu<\/a><\/p>\n<p class=\" wall-content\">Une belle journ\u00e9e en perspective !<\/p>\n<p>Vid\u00e9os : en ce moment sur Actu<\/p>\n<p class=\" wall-content\">Suivez toute l\u2019actualit\u00e9 de vos villes et m\u00e9dias favoris en vous inscrivant \u00e0 <a href=\"https:\/\/moncompte.actu.fr\" title=\"D\u00e9couvez Mon Actu\" rel=\"nofollow noopener\" data-trk=\"{&quot;cta&quot;:{&quot;action&quot;:&quot;https:\\\/\\\/moncompte.actu.fr&quot;,&quot;category&quot;:&quot;mon compte&quot;,&quot;from&quot;:&quot;article footer&quot;,&quot;name&quot;:&quot;Mon actu&quot;,&quot;type&quot;:&quot;cta&quot;}}\" target=\"_blank\">Mon Actu<\/a>.<\/p>\n","protected":false},"excerpt":{"rendered":"Par Nicolas Demollien Publi\u00e9 le 19 juin 2025 \u00e0 14h00 Samedi 21 juin 2025 n\u2019est pas seulement synonyme&hellip;\n","protected":false},"author":2,"featured_media":188361,"comment_status":"","ping_status":"","sticky":false,"template":"","format":"standard","meta":{"footnotes":""},"categories":[2815],"tags":[1111,11,1777,674,1011,27,811,8717,1307,1652,12,25],"class_list":{"0":"post-188360","1":"post","2":"type-post","3":"status-publish","4":"format-standard","5":"has-post-thumbnail","7":"category-lille","8":"tag-actu","9":"tag-actualites","10":"tag-eu","11":"tag-europe","12":"tag-fr","13":"tag-france","14":"tag-hauts-de-france","15":"tag-homophobie","16":"tag-lille","17":"tag-loisirs-culture","18":"tag-news","19":"tag-republique-francaise"},"share_on_mastodon":{"url":"https:\/\/pubeurope.com\/@fr\/114709954859115761","error":""},"_links":{"self":[{"href":"https:\/\/www.europesays.com\/fr\/wp-json\/wp\/v2\/posts\/188360","targetHints":{"allow":["GET"]}}],"collection":[{"href":"https:\/\/www.europesays.com\/fr\/wp-json\/wp\/v2\/posts"}],"about":[{"href":"https:\/\/www.europesays.com\/fr\/wp-json\/wp\/v2\/types\/post"}],"author":[{"embeddable":true,"href":"https:\/\/www.europesays.com\/fr\/wp-json\/wp\/v2\/users\/2"}],"replies":[{"embeddable":true,"href":"https:\/\/www.europesays.com\/fr\/wp-json\/wp\/v2\/comments?post=188360"}],"version-history":[{"count":0,"href":"https:\/\/www.europesays.com\/fr\/wp-json\/wp\/v2\/posts\/188360\/revisions"}],"wp:featuredmedia":[{"embeddable":true,"href":"https:\/\/www.europesays.com\/fr\/wp-json\/wp\/v2\/media\/188361"}],"wp:attachment":[{"href":"https:\/\/www.europesays.com\/fr\/wp-json\/wp\/v2\/media?parent=188360"}],"wp:term":[{"taxonomy":"category","embeddable":true,"href":"https:\/\/www.europesays.com\/fr\/wp-json\/wp\/v2\/categories?post=188360"},{"taxonomy":"post_tag","embeddable":true,"href":"https:\/\/www.europesays.com\/fr\/wp-json\/wp\/v2\/tags?post=188360"}],"curies":[{"name":"wp","href":"https:\/\/api.w.org\/{rel}","templated":true}]}}