{"id":188362,"date":"2025-06-19T12:09:11","date_gmt":"2025-06-19T12:09:11","guid":{"rendered":"https:\/\/www.europesays.com\/fr\/188362\/"},"modified":"2025-06-19T12:09:11","modified_gmt":"2025-06-19T12:09:11","slug":"info-la-provence-400-kg-de-tabac-illicite-saisis-a-marseille-en-lespace-de-15-jours","status":"publish","type":"post","link":"https:\/\/www.europesays.com\/fr\/188362\/","title":{"rendered":"INFO LA PROVENCE. 400 kg de tabac illicite saisis \u00e0 Marseille en l&rsquo;espace de 15 jours"},"content":{"rendered":"<p>Dans les Bouches-du-Rh\u00f4ne, l\u2019op\u00e9ration conduite du 4 au 11\u00a0juin, a mobilis\u00e9 13 services et une centaine de douaniers, appuy\u00e9s par les forces de police pour mener des actions coordonn\u00e9es, notamment sous l\u2019\u00e9gide du CODAF (comit\u00e9 op\u00e9rationnel d\u00e9partemental anti-fraude).<\/p>\n<p>Huit jours sous haute tension pendant lesquels les contr\u00f4les ont cibl\u00e9 les axes routiers, les d\u00e9barquements de <a href=\"https:\/\/www.laprovence.com\/article\/actualites\/2842538\/la-pj-defait-un-trafic-de-drogue-entre-marseille-et-ajaccio.html\" target=\"_blank\" rel=\"nofollow noopener\">ferry<\/a>, les arriv\u00e9es d\u2019avions, le fret postal, mais aussi les circuits de revente clandestine \u00e0 la sauvette dans Marseille intra muros.<\/p>\n<p><img alt=\"L'op\u00e9ration Colbert III, destin\u00e9e \u00e0 lutter contre le trafic de tabac, a notamment cibl\u00e9 le fret postal.\" loading=\"lazy\" decoding=\"async\" data-nimg=\"fill\" class=\" TwicCore_img__i9TC1 undefined  undefined\" style=\"position:absolute;height:100%;width:100%;left:0;top:0;right:0;bottom:0;color:transparent;background-size:cover;background-position:50% 50%;background-repeat:no-repeat;background-image:url(&quot;data:image\/svg+xml;charset=utf-8,%3Csvg xmlns='http:\/\/www.w3.org\/2000\/svg' %3E%3Cfilter id='b' color-interpolation-filters='sRGB'%3E%3CfeGaussianBlur stdDeviation='20'\/%3E%3CfeColorMatrix values='1 0 0 0 0 0 1 0 0 0 0 0 1 0 0 0 0 0 100 -1' result='s'\/%3E%3CfeFlood x='0' y='0' width='100%25' height='100%25'\/%3E%3CfeComposite operator='out' in='s'\/%3E%3CfeComposite in2='SourceGraphic'\/%3E%3CfeGaussianBlur stdDeviation='20'\/%3E%3C\/filter%3E%3Cimage width='100%25' height='100%25' x='0' y='0' preserveAspectRatio='none' style='filter: url(%23b);' href='https:\/\/pictures.laprovence.com\/cdn-cgi\/image\/blur=250\/media\/melody\/2025\/06\/19\/l-operation-colbert-iii-destinee-a-lutter-contre-le-trafic-de-tabac-a-notamment-cible-le-fret-postal-1750332187_9ab0360b335868eb0360b335852c03v_.jpg'\/%3E%3C\/svg%3E&quot;)\"   src=\"https:\/\/www.europesays.com\/fr\/wp-content\/uploads\/2025\/06\/l-operation-colbert-iii-destinee-a-lutter-contre-le-trafic-de-tabac-a-notamment-cible-le-fret-postal.jpeg\"\/>L&rsquo;op\u00e9ration Colbert III, destin\u00e9e \u00e0 lutter contre le trafic de tabac, a notamment cibl\u00e9 le fret postal. PHOTO B.F.<\/p>\n<p>Si cette 3e \u00e9dition de Colbert destin\u00e9e \u00e0 lutter contre le fl\u00e9au du trafic de tabac a permis aux services de la direction des douanes de Marseille de saisir pr\u00e8s de 158\u00a0kg de tabac de contrebande, comprenant 5\u00a0150 paquets de cigarettes et 55\u00a0kg de tabac \u00e0 narguil\u00e9 ou \u00e0 m\u00e2cher, ce ne sont pas l\u00e0 les seuls butins dont peut se r\u00e9jouir le directeur Michael Lachaux.<\/p>\n<p><img alt=\"Ces paquets de cigarettes l\u00e9gend\u00e9s en allemand et venant d'un pays o\u00f9 la fiscalit\u00e9 est moins forte qu'en France, avaient \u00e9t\u00e9 exp\u00e9di\u00e9s par colis. Ils ont \u00e9t\u00e9 saisis par les douanes.\" loading=\"lazy\" decoding=\"async\" data-nimg=\"fill\" class=\" TwicCore_img__i9TC1 undefined  undefined\" style=\"position:absolute;height:100%;width:100%;left:0;top:0;right:0;bottom:0;color:transparent;background-size:cover;background-position:50% 50%;background-repeat:no-repeat;background-image:url(&quot;data:image\/svg+xml;charset=utf-8,%3Csvg xmlns='http:\/\/www.w3.org\/2000\/svg' %3E%3Cfilter id='b' color-interpolation-filters='sRGB'%3E%3CfeGaussianBlur stdDeviation='20'\/%3E%3CfeColorMatrix values='1 0 0 0 0 0 1 0 0 0 0 0 1 0 0 0 0 0 100 -1' result='s'\/%3E%3CfeFlood x='0' y='0' width='100%25' height='100%25'\/%3E%3CfeComposite operator='out' in='s'\/%3E%3CfeComposite in2='SourceGraphic'\/%3E%3CfeGaussianBlur stdDeviation='20'\/%3E%3C\/filter%3E%3Cimage width='100%25' height='100%25' x='0' y='0' preserveAspectRatio='none' style='filter: url(%23b);' href='https:\/\/pictures.laprovence.com\/cdn-cgi\/image\/blur=250\/media\/melody\/2025\/06\/19\/ces-paquets-de-cigarettes-legendes-en-allemand-et-venant-d-un-pays-ou-la-fiscalite-est-moins-forte-q-1750332187_cd0c17eb33586c11c17eb3358951c1v_.jpg'\/%3E%3C\/svg%3E&quot;)\"   src=\"https:\/\/www.europesays.com\/fr\/wp-content\/uploads\/2025\/06\/ces-paquets-de-cigarettes-legendes-en-allemand-et-venant-d-un-pays-ou-la-fiscalite-est-moins-forte-q.jpeg\"\/>Ces paquets de cigarettes l\u00e9gend\u00e9s en allemand et venant d&rsquo;un pays o\u00f9 la fiscalit\u00e9 est moins forte qu&rsquo;en France, avaient \u00e9t\u00e9 exp\u00e9di\u00e9s par colis. Ils ont \u00e9t\u00e9 saisis par les douanes. PHOTO B.F.<\/p>\n<p>Le 28 mai, soit quelques jours avant le lancement de Colbert III, c\u2019est un ressortissant tunisien fra\u00eechement arriv\u00e9 au port de Marseille, qui a \u00e9prouv\u00e9 la d\u00e9convenue de voir les agents des douanes saisir les 186 kg de tabac \u00e0 narguil\u00e9 qu&rsquo;il avait dissimul\u00e9s dans des sacs poubelles \u00e0 l&rsquo;arri\u00e8re de sa fourgonnette.<\/p>\n<p>Des commerces marseillais impliqu\u00e9s dans le trafic<\/p>\n<p>En l\u2019espace de huit jours, 330 contr\u00f4les ont permis de d\u00e9tecter 68 infractions. Trois d\u2019entre elles ont motiv\u00e9 la fermeture administrative de commerces impliqu\u00e9s dans le trafic. Au chapitre des petites mains, plusieurs vendeurs \u00e0 la sauvette ont \u00e9t\u00e9 interpell\u00e9s, dont deux en situation irr\u00e9guli\u00e8re qui tentaient d&rsquo;\u00e9couler des paquets de cigarettes, l&rsquo;un \u00e0 Noailles, l&rsquo;autre au march\u00e9 aux puces, dans le 15e arrondissement de Marseille.<\/p>\n<p><img alt=\"\u00c0 Arles, ce sont des maillots de foot contrefaits, du miel \u00e9rectile et des cigarettes de contrebande qui ont \u00e9t\u00e9 saisis par les douanes.\" loading=\"lazy\" decoding=\"async\" data-nimg=\"fill\" class=\" TwicCore_img__i9TC1 undefined  undefined\" style=\"position:absolute;height:100%;width:100%;left:0;top:0;right:0;bottom:0;color:transparent;background-size:cover;background-position:50% 50%;background-repeat:no-repeat;background-image:url(&quot;data:image\/svg+xml;charset=utf-8,%3Csvg xmlns='http:\/\/www.w3.org\/2000\/svg' %3E%3Cfilter id='b' color-interpolation-filters='sRGB'%3E%3CfeGaussianBlur stdDeviation='20'\/%3E%3CfeColorMatrix values='1 0 0 0 0 0 1 0 0 0 0 0 1 0 0 0 0 0 100 -1' result='s'\/%3E%3CfeFlood x='0' y='0' width='100%25' height='100%25'\/%3E%3CfeComposite operator='out' in='s'\/%3E%3CfeComposite in2='SourceGraphic'\/%3E%3CfeGaussianBlur stdDeviation='20'\/%3E%3C\/filter%3E%3Cimage width='100%25' height='100%25' x='0' y='0' preserveAspectRatio='none' style='filter: url(%23b);' href='https:\/\/pictures.laprovence.com\/cdn-cgi\/image\/blur=250\/media\/melody\/2025\/06\/19\/a-arles-ce-sont-des-maillots-de-foot-contrefaits-du-miel-erectile-et-des-cigarettes-de-contrebande-q-1750332187_2b036e1d335862f036e1d3358f2136v_.jpg'\/%3E%3C\/svg%3E&quot;)\"   src=\"https:\/\/www.europesays.com\/fr\/wp-content\/uploads\/2025\/06\/a-arles-ce-sont-des-maillots-de-foot-contrefaits-du-miel-erectile-et-des-cigarettes-de-contrebande-q.jpeg\"\/>\u00c0 Arles, ce sont des maillots de foot contrefaits, du miel \u00e9rectile et des cigarettes de contrebande qui ont \u00e9t\u00e9 saisis par les douanes. Douanes de Marseille<\/p>\n<p>La traque du tabac de contrebande (dont les saisies ne faiblissent pas, voire se maintiennent sur un rythme tr\u00e8s soutenu, avec 5,5 tonnes saisies depuis le d\u00e9but de l\u2019ann\u00e9e) n\u2019emp\u00eachant pas les d\u00e9couvertes h\u00e9t\u00e9roclites, de nombreux autres produits illicites ont \u00e9t\u00e9 saisis. Dans un inventaire \u00e0 la Pr\u00e9vert, les douanes de Marseille \u00e9gr\u00e8nent ainsi 18\u00a0kg de cannabis, un perroquet Gris du Gabon (une esp\u00e8ce prot\u00e9g\u00e9e, Ndlr) 11\u00a0890\u00a0euros en esp\u00e8ces, une centaine de doses d\u2019anabolisants, plusieurs centaines de contrefa\u00e7ons, ainsi que des produits cosm\u00e9tiques, alimentaires et du miel dit \u00a0\u00bb \u00e9rectile \u00ab\u00a0.<strong\/><\/p>\n","protected":false},"excerpt":{"rendered":"Dans les Bouches-du-Rh\u00f4ne, l\u2019op\u00e9ration conduite du 4 au 11\u00a0juin, a mobilis\u00e9 13 services et une centaine de douaniers,&hellip;\n","protected":false},"author":2,"featured_media":188363,"comment_status":"","ping_status":"","sticky":false,"template":"","format":"standard","meta":{"footnotes":""},"categories":[2814],"tags":[17,10851,1111,11,1777,674,274,1011,27,32622,1922,884,12,1186,882,25,17491,6582],"class_list":{"0":"post-188362","1":"post","2":"type-post","3":"status-publish","4":"format-standard","5":"has-post-thumbnail","7":"category-marseille","8":"tag-17","9":"tag-10851","10":"tag-actu","11":"tag-actualites","12":"tag-eu","13":"tag-europe","14":"tag-faits-divers-justice","15":"tag-fr","16":"tag-france","17":"tag-illicite","18":"tag-info","19":"tag-marseille","20":"tag-news","21":"tag-provence","22":"tag-provence-alpes-cote-dazur","23":"tag-republique-francaise","24":"tag-saisis","25":"tag-tabac"},"share_on_mastodon":{"url":"https:\/\/pubeurope.com\/@fr\/114709958829453764","error":""},"_links":{"self":[{"href":"https:\/\/www.europesays.com\/fr\/wp-json\/wp\/v2\/posts\/188362","targetHints":{"allow":["GET"]}}],"collection":[{"href":"https:\/\/www.europesays.com\/fr\/wp-json\/wp\/v2\/posts"}],"about":[{"href":"https:\/\/www.europesays.com\/fr\/wp-json\/wp\/v2\/types\/post"}],"author":[{"embeddable":true,"href":"https:\/\/www.europesays.com\/fr\/wp-json\/wp\/v2\/users\/2"}],"replies":[{"embeddable":true,"href":"https:\/\/www.europesays.com\/fr\/wp-json\/wp\/v2\/comments?post=188362"}],"version-history":[{"count":0,"href":"https:\/\/www.europesays.com\/fr\/wp-json\/wp\/v2\/posts\/188362\/revisions"}],"wp:featuredmedia":[{"embeddable":true,"href":"https:\/\/www.europesays.com\/fr\/wp-json\/wp\/v2\/media\/188363"}],"wp:attachment":[{"href":"https:\/\/www.europesays.com\/fr\/wp-json\/wp\/v2\/media?parent=188362"}],"wp:term":[{"taxonomy":"category","embeddable":true,"href":"https:\/\/www.europesays.com\/fr\/wp-json\/wp\/v2\/categories?post=188362"},{"taxonomy":"post_tag","embeddable":true,"href":"https:\/\/www.europesays.com\/fr\/wp-json\/wp\/v2\/tags?post=188362"}],"curies":[{"name":"wp","href":"https:\/\/api.w.org\/{rel}","templated":true}]}}