{"id":188364,"date":"2025-06-19T12:10:09","date_gmt":"2025-06-19T12:10:09","guid":{"rendered":"https:\/\/www.europesays.com\/fr\/188364\/"},"modified":"2025-06-19T12:10:09","modified_gmt":"2025-06-19T12:10:09","slug":"les-profs-veulent-faire-jurisprudence-en-saisissant-la-justice","status":"publish","type":"post","link":"https:\/\/www.europesays.com\/fr\/188364\/","title":{"rendered":"les profs veulent faire jurisprudence en saisissant la justice"},"content":{"rendered":"<p>L\u2019an dernier, leur mobilisation avait fait couler de l\u2019encre. D\u00e9couvrant qu\u2019ils \u00e9taient expos\u00e9s au risque d\u2019amiante dans leur \u00e9tablissement,<a href=\"https:\/\/laprovence.com\/article\/region\/60800428263480\/a-marseille-face-a-lamiante-des-professeurs-du-college-alexandre-dumas-cessent-le-travail\" target=\"_blank\" rel=\"noopener\"> des profs du coll\u00e8ge Alexandre-Dumas (14e) avaient exerc\u00e9 leur droit de retrait le 28\u00a0mai\u00a02024<\/a>. Alors que le D\u00e9partement assurait que tout \u00e9tait surveill\u00e9 de pr\u00e8s et que des interventions \u00e9taient programm\u00e9es, plusieurs membres du personnel continuaient d\u2019exercer ce droit de retrait\u2026 que la Direction acad\u00e9mique des services d\u00e9partementaux de l\u2019Education nationale requalifiait en gr\u00e8ve,<a href=\"https:\/\/laprovence.com\/article\/region\/3812516645119515\/marseille-le-personnel-du-college-dumas-14e-maintient-sa-greve\" target=\"_blank\" rel=\"noopener\"> ne reconnaissant pas de danger grave et imminent<\/a> en lien avec leurs inqui\u00e9tudes.<\/p>\n","protected":false},"excerpt":{"rendered":"L\u2019an dernier, leur mobilisation avait fait couler de l\u2019encre. D\u00e9couvrant qu\u2019ils \u00e9taient expos\u00e9s au risque d\u2019amiante dans leur&hellip;\n","protected":false},"author":2,"featured_media":188365,"comment_status":"","ping_status":"","sticky":false,"template":"","format":"standard","meta":{"footnotes":""},"categories":[2814],"tags":[17,1111,11,21731,1124,32623,1777,674,1011,27,151,884,12,26501,882,25,104,4925],"class_list":{"0":"post-188364","1":"post","2":"type-post","3":"status-publish","4":"format-standard","5":"has-post-thumbnail","7":"category-marseille","8":"tag-17","9":"tag-actu","10":"tag-actualites","11":"tag-amiante","12":"tag-college","13":"tag-dumas","14":"tag-eu","15":"tag-europe","16":"tag-fr","17":"tag-france","18":"tag-les","19":"tag-marseille","20":"tag-news","21":"tag-profs","22":"tag-provence-alpes-cote-dazur","23":"tag-republique-francaise","24":"tag-societe","25":"tag-veulent"},"share_on_mastodon":{"url":"https:\/\/pubeurope.com\/@fr\/114709962676491687","error":""},"_links":{"self":[{"href":"https:\/\/www.europesays.com\/fr\/wp-json\/wp\/v2\/posts\/188364","targetHints":{"allow":["GET"]}}],"collection":[{"href":"https:\/\/www.europesays.com\/fr\/wp-json\/wp\/v2\/posts"}],"about":[{"href":"https:\/\/www.europesays.com\/fr\/wp-json\/wp\/v2\/types\/post"}],"author":[{"embeddable":true,"href":"https:\/\/www.europesays.com\/fr\/wp-json\/wp\/v2\/users\/2"}],"replies":[{"embeddable":true,"href":"https:\/\/www.europesays.com\/fr\/wp-json\/wp\/v2\/comments?post=188364"}],"version-history":[{"count":0,"href":"https:\/\/www.europesays.com\/fr\/wp-json\/wp\/v2\/posts\/188364\/revisions"}],"wp:featuredmedia":[{"embeddable":true,"href":"https:\/\/www.europesays.com\/fr\/wp-json\/wp\/v2\/media\/188365"}],"wp:attachment":[{"href":"https:\/\/www.europesays.com\/fr\/wp-json\/wp\/v2\/media?parent=188364"}],"wp:term":[{"taxonomy":"category","embeddable":true,"href":"https:\/\/www.europesays.com\/fr\/wp-json\/wp\/v2\/categories?post=188364"},{"taxonomy":"post_tag","embeddable":true,"href":"https:\/\/www.europesays.com\/fr\/wp-json\/wp\/v2\/tags?post=188364"}],"curies":[{"name":"wp","href":"https:\/\/api.w.org\/{rel}","templated":true}]}}