{"id":188370,"date":"2025-06-19T12:13:19","date_gmt":"2025-06-19T12:13:19","guid":{"rendered":"https:\/\/www.europesays.com\/fr\/188370\/"},"modified":"2025-06-19T12:13:19","modified_gmt":"2025-06-19T12:13:19","slug":"decouvrez-les-stations-de-metro-et-rer-qui-resteront-ouvertes-toute-la-nuit-en-ile-de-france","status":"publish","type":"post","link":"https:\/\/www.europesays.com\/fr\/188370\/","title":{"rendered":"d\u00e9couvrez les stations de m\u00e9tro et RER qui resteront ouvertes toute la nuit en Ile-de-France"},"content":{"rendered":"<p data-start=\"72\" data-end=\"532\">\u00c7a y est : samedi 21 juin 2025, la F\u00eate de la Musique revient mettre le bazar dans les rues de la capitale. Entre futurs bacheliers sous 8.6, mauvaises reprises en tout genre \u2013 pour <a href=\"https:\/\/www.timeout.fr\/paris\/musique\/la-fete-de-la-musique\" target=\"_blank\" rel=\"noopener\">les bons plans, c\u2019est par ici<\/a> \u2013 et transports en commun partiellement ouverts toute la nuit, on s\u2019y retrouve comme chaque ann\u00e9e. Histoire de rentrer \u00e0 bon port et ramasser au calme le lendemain, voici la liste des stations de m\u00e9tro et de RER desservies jusqu\u2019au petit matin.<\/p>\n<p>Pour encha\u00eener les sc\u00e8nes sans gal\u00e9rer, la RATP d\u00e9gaine un forfait sp\u00e9cial F\u00eate de la Musique \u00e0 4,20 \u20ac. Il vous donne acc\u00e8s aux transports en illimit\u00e9 du samedi 21 juin \u00e0 17 h jusqu\u2019au dimanche 22 juin \u00e0 7 h. De quoi vadrouiller toute la nuit sans ruiner son pass Navigo.<\/p>\n<p>Les lignes ouvertes toute la nuit<br \/>\nLigne 1<\/p>\n<p>Ch\u00e2teau de Vincennes ; Nation ; Gare de Lyon ; Bastille ; Ch\u00e2telet ; Concorde ; Franklin D. Roosevelt ; George V ; Charles-de-Gaulle-Etoile ; Porte Maillot ; Pont de Neuilly ; La D\u00e9fense.<\/p>\n<p><strong>Ligne 2<\/strong><\/p>\n<p>Nation ; P\u00e8re-Lachaise ; Belleville ; La Chapelle ; Barb\u00e8s-Rochechouart ; Anvers ; Pigalle ; Place de Clichy ; Charles-de-Gaulle-Etoile ; Porte Dauphine.<\/p>\n<p><strong>Ligne 4<\/strong><\/p>\n<p>Porte de Clignancourt ; Barb\u00e8s-Rochechouart ; Gare du Nord ; Gare de l\u2019Est ; Strasbourg-Saint-Denis ; Les Halles ; Ch\u00e2telet ; Saint-Michel ; Gare Montparnasse ; Denfert-Rochereau ; Porte d\u2019Orl\u00e9ans ; Mairie de Montrouge ; Bagneux \u2013 Lucie Aubrac.<\/p>\n<p><strong>Ligne 6<\/strong><\/p>\n<p>Nation ; Bercy ; Place d\u2019Italie ; Denfert-Rochereau ; Gare Montparnasse ; Cambronne ; La Motte-Picquet-Grenelle ; Bir Hakeim ; Trocad\u00e9ro ; Kl\u00e9ber ; Charles-de-Gaulle-Etoile.\u00a0<\/p>\n<p><strong>Ligne 9<\/strong><\/p>\n<p>Mairie de Montreuil ; Porte de Montreuil ; Nation ; Oberkampf ; Strasbourg-Saint-Denis ; Grands Boulevards ; Havre-Caumartin ; Saint-Augustin ; ; Franklin D. Roosevelt ; Alma-Marceau ; Trocad\u00e9ro ; La Muette ; Porte de Saint-Cloud ; Pont de S\u00e8vres.<\/p>\n<p><strong>Ligne 14<\/strong><\/p>\n<p>Thiais-Orly ; Chevilly-Larue ; L\u2019Ha\u00ff-les-Rose ; Villejuif Gustave Roussy ; H\u00f4pital Bic\u00eatre ; Maison Blanche ; Olympiades ; Biblioth\u00e8que-Fran\u00e7ois-Mitterand ; Cour-Saint-Emilion ; Bercy ; Gare de Lyon ; Ch\u00e2telet ; Pyramides ; Madeleine ; Saint-Lazare ; Pont Cardinet ; Porte de Clichy ; Saint-Ouen ; Mairie de Saint-Ouen ; Saint-Denis Pleyel.\u00a0<\/p>\n<p><img decoding=\"async\" id=\"4fe31702-7f2c-3a7d-5c67-9d68413eb875\" class=\"photo lazy inline\" loading=\"lazy\" data-component=\"lazy-embed\" src=\"https:\/\/www.europesays.com\/fr\/wp-content\/uploads\/2025\/06\/1750335196_370_image.webp.webp\" alt=\"Paris metro sign\" data-credit=\"Photograph: Shutterstock\" data-width-class=\"\" data-image-id=\"106283161\"\/>&#13;<br \/>\nPhotograph: Shutterstock&#13;<\/p>\n<p><strong>RER A<\/strong><\/p>\n<p>Dans Paris intra-muros et proche banlieue : Vincennes ; Nation ; Gare de Lyon ; Ch\u00e2telet-les-Halles ; Auber ; Charles-de-Gaulle-Etoile ; La D\u00e9fense\u2026\u00a0<\/p>\n<p><strong>RER B<\/strong><\/p>\n<p>Dans Paris intra-muros et proche banlieue : La Plaine-Stade-de-France ; Gare du Nord ; Ch\u00e2telet-les-Halles ; Saint-Michel-Notre-Dame ; Luxembourg ; Port-Royal ; Denfert-Rochereau ; Cit\u00e9 Universitaire ; Gentilly\u2026\u00a0<\/p>\n<p><strong>RER C<\/strong><\/p>\n<p>Dans Paris-Intramuros et proche banlieue : Ivry-Sur-Seine ; Biblioth\u00e8que-Fran\u00e7ois-Mitterrand ; Gare d\u2019Austerlitz ; Saint-Michel-Notre-Dame ; Mus\u00e9e d\u2019Orsay ; Invalides ; Pont de l\u2019Alma ; Champ-de-Mars ; Avenue du Pr\u00e9sident Kennedy ; La Muette-Boulainvilliers ; Avenue Henri-Martin ; Avenue Foch ; Porte Dauphine ; Porte Maillot ; Pereire-Levallois ; Porte de Clichy ; Saint-Ouen\u2026<\/p>\n<p><strong>Pour d\u00e9couvrir les stations de RER ainsi que les arr\u00eats de bus desservis toute la nuit, rencardez-vous sur les deux cartes ci-dessous.<\/strong><\/p>\n<p><img decoding=\"async\" id=\"47ad4785-8673-052a-7796-c14a4754a47f\" class=\"photo lazy inline\" loading=\"lazy\" data-component=\"lazy-embed\" src=\"https:\/\/www.europesays.com\/fr\/wp-content\/uploads\/2025\/06\/1750335198_819_image.webp.webp\" alt=\"RER F\u00eate de la musique 2025\" data-caption=\"\" data-credit=\"\u00a9 Ile-de-France Mobilit\u00e9s\" data-width-class=\"\" data-image-id=\"106286095\"\/>&#13;<br \/>\n\u00a9 Ile-de-France Mobilit\u00e9s&#13;<\/p>\n<p><img decoding=\"async\" id=\"1030bca3-90d7-1a25-3724-ba450242797c\" class=\"photo lazy inline\" loading=\"lazy\" data-component=\"lazy-embed\" src=\"https:\/\/www.europesays.com\/fr\/wp-content\/uploads\/2025\/06\/1750335199_980_image.webp.webp\" alt=\"Bus F\u00eate de la musique 2025\" data-caption=\"\" data-credit=\"\u00a9 Ile-de-France Mobilit\u00e9s\" data-width-class=\"\" data-image-id=\"106286099\"\/>&#13;<br \/>\n\u00a9 Ile-de-France Mobilit\u00e9s&#13;<\/p>\n","protected":false},"excerpt":{"rendered":"\u00c7a y est : samedi 21 juin 2025, la F\u00eate de la Musique revient mettre le bazar dans&hellip;\n","protected":false},"author":2,"featured_media":188371,"comment_status":"","ping_status":"","sticky":false,"template":"","format":"standard","meta":{"footnotes":""},"categories":[1592],"tags":[1111,11,12059,12058,1777,674,1011,27,662,12,626,25,586],"class_list":{"0":"post-188370","1":"post","2":"type-post","3":"status-publish","4":"format-standard","5":"has-post-thumbnail","7":"category-ile-de-france","8":"tag-actu","9":"tag-actualites","10":"tag-actualites-transport-et-voyage","11":"tag-categories-voyage","12":"tag-eu","13":"tag-europe","14":"tag-fr","15":"tag-france","16":"tag-ile-de-france","17":"tag-news","18":"tag-paris","19":"tag-republique-francaise","20":"tag-voyage"},"share_on_mastodon":{"url":"https:\/\/pubeurope.com\/@fr\/114709974920975039","error":""},"_links":{"self":[{"href":"https:\/\/www.europesays.com\/fr\/wp-json\/wp\/v2\/posts\/188370","targetHints":{"allow":["GET"]}}],"collection":[{"href":"https:\/\/www.europesays.com\/fr\/wp-json\/wp\/v2\/posts"}],"about":[{"href":"https:\/\/www.europesays.com\/fr\/wp-json\/wp\/v2\/types\/post"}],"author":[{"embeddable":true,"href":"https:\/\/www.europesays.com\/fr\/wp-json\/wp\/v2\/users\/2"}],"replies":[{"embeddable":true,"href":"https:\/\/www.europesays.com\/fr\/wp-json\/wp\/v2\/comments?post=188370"}],"version-history":[{"count":0,"href":"https:\/\/www.europesays.com\/fr\/wp-json\/wp\/v2\/posts\/188370\/revisions"}],"wp:featuredmedia":[{"embeddable":true,"href":"https:\/\/www.europesays.com\/fr\/wp-json\/wp\/v2\/media\/188371"}],"wp:attachment":[{"href":"https:\/\/www.europesays.com\/fr\/wp-json\/wp\/v2\/media?parent=188370"}],"wp:term":[{"taxonomy":"category","embeddable":true,"href":"https:\/\/www.europesays.com\/fr\/wp-json\/wp\/v2\/categories?post=188370"},{"taxonomy":"post_tag","embeddable":true,"href":"https:\/\/www.europesays.com\/fr\/wp-json\/wp\/v2\/tags?post=188370"}],"curies":[{"name":"wp","href":"https:\/\/api.w.org\/{rel}","templated":true}]}}