{"id":188374,"date":"2025-06-19T12:15:10","date_gmt":"2025-06-19T12:15:10","guid":{"rendered":"https:\/\/www.europesays.com\/fr\/188374\/"},"modified":"2025-06-19T12:15:10","modified_gmt":"2025-06-19T12:15:10","slug":"psg-botafogo-lance-sur-lautoroute-du-soleil-paris-veut-gagner-pour-soffrir-un-peu-de-repos","status":"publish","type":"post","link":"https:\/\/www.europesays.com\/fr\/188374\/","title":{"rendered":"PSG-Botafogo\u00a0: lanc\u00e9 sur l\u2019autoroute du soleil, Paris veut gagner pour s\u2019offrir un peu de repos"},"content":{"rendered":"<p class=\"paragraph text_align_left\">\u00c0 Paris, en Europe et d\u00e9sormais aux \u00c9tats-Unis, <a href=\"https:\/\/www.leparisien.fr\/sports\/football\/psg\/\" target=\"_blank\" rel=\"noreferrer nofollow noopener\">le PSG<\/a> vit sa meilleure vie. Depuis bient\u00f4t trois semaines, le club de la capitale est en l\u00e9vitation, affam\u00e9 et injouable, r\u00e9duisant chaque adversaire \u00e0 l\u2019\u00e9tat de faire-valoir. Cheveux au vent et larges sourires, les hommes de Luis Enrique se baladent sur l\u2019autoroute du soleil californien qui ressemble au boulevard du kiff apr\u00e8s <a href=\"https:\/\/www.leparisien.fr\/sports\/football\/coupe-du-monde-des-clubs\/psg-atletico-de-madrid-4-0-ce-paris-la-est-toujours-injouable-15-06-2025-MS5UKQQ2ZFBLNICGA4UDKNV6NA.php\" target=\"_blank\" rel=\"noreferrer nofollow noopener\">leur succ\u00e8s \u00e9clatant face \u00e0 l\u2019Atl\u00e9tico de Madrid (4-0)<\/a>.<\/p>\n<p class=\"paragraph text_align_left\">Port\u00e9e par une \u00e9nergie folle, la machine parisienne a des airs de gros pick-up d\u00e9termin\u00e9 \u00e0 tout aplatir sur son passage et qui en a encore dans le r\u00e9servoir avant de disputer son deuxi\u00e8me match <a href=\"https:\/\/www.leparisien.fr\/sports\/football\/coupe-du-monde-des-clubs\/\" target=\"_blank\" rel=\"noreferrer nofollow noopener\">du Mondial des clubs<\/a> ce jeudi (18 heures, heure locale, \u00e0 3 heures dans la nuit de jeudi \u00e0 vendredi en France) contre Botafogo.<\/p>\n","protected":false},"excerpt":{"rendered":"\u00c0 Paris, en Europe et d\u00e9sormais aux \u00c9tats-Unis, le PSG vit sa meilleure vie. Depuis bient\u00f4t trois semaines,&hellip;\n","protected":false},"author":2,"featured_media":188375,"comment_status":"","ping_status":"","sticky":false,"template":"","format":"standard","meta":{"footnotes":""},"categories":[1888],"tags":[1111,1928,11,1927,7151,1777,674,63,1011,27,12,1926,626,1925,25,60],"class_list":{"0":"post-188374","1":"post","2":"type-post","3":"status-publish","4":"format-standard","5":"has-post-thumbnail","7":"category-paris","8":"tag-actu","9":"tag-actu-paris","10":"tag-actualites","11":"tag-actualites-paris","12":"tag-coupe-du-monde-des-clubs","13":"tag-eu","14":"tag-europe","15":"tag-football","16":"tag-fr","17":"tag-france","18":"tag-news","19":"tag-news-paris","20":"tag-paris","21":"tag-paris-news","22":"tag-republique-francaise","23":"tag-sports"},"share_on_mastodon":{"url":"https:\/\/pubeurope.com\/@fr\/114709982345756687","error":""},"_links":{"self":[{"href":"https:\/\/www.europesays.com\/fr\/wp-json\/wp\/v2\/posts\/188374","targetHints":{"allow":["GET"]}}],"collection":[{"href":"https:\/\/www.europesays.com\/fr\/wp-json\/wp\/v2\/posts"}],"about":[{"href":"https:\/\/www.europesays.com\/fr\/wp-json\/wp\/v2\/types\/post"}],"author":[{"embeddable":true,"href":"https:\/\/www.europesays.com\/fr\/wp-json\/wp\/v2\/users\/2"}],"replies":[{"embeddable":true,"href":"https:\/\/www.europesays.com\/fr\/wp-json\/wp\/v2\/comments?post=188374"}],"version-history":[{"count":0,"href":"https:\/\/www.europesays.com\/fr\/wp-json\/wp\/v2\/posts\/188374\/revisions"}],"wp:featuredmedia":[{"embeddable":true,"href":"https:\/\/www.europesays.com\/fr\/wp-json\/wp\/v2\/media\/188375"}],"wp:attachment":[{"href":"https:\/\/www.europesays.com\/fr\/wp-json\/wp\/v2\/media?parent=188374"}],"wp:term":[{"taxonomy":"category","embeddable":true,"href":"https:\/\/www.europesays.com\/fr\/wp-json\/wp\/v2\/categories?post=188374"},{"taxonomy":"post_tag","embeddable":true,"href":"https:\/\/www.europesays.com\/fr\/wp-json\/wp\/v2\/tags?post=188374"}],"curies":[{"name":"wp","href":"https:\/\/api.w.org\/{rel}","templated":true}]}}