{"id":188376,"date":"2025-06-19T12:16:09","date_gmt":"2025-06-19T12:16:09","guid":{"rendered":"https:\/\/www.europesays.com\/fr\/188376\/"},"modified":"2025-06-19T12:16:09","modified_gmt":"2025-06-19T12:16:09","slug":"paris-au-prestigieux-lycee-henri-iv-le-management-abusif-de-la-proviseure-au-coeur-des-critiques","status":"publish","type":"post","link":"https:\/\/www.europesays.com\/fr\/188376\/","title":{"rendered":"Paris\u00a0: au prestigieux lyc\u00e9e Henri-IV, le management \u00ab\u00a0abusif\u00a0\u00bb de la proviseure au c\u0153ur des critiques"},"content":{"rendered":"<p class=\"paragraph text_align_left\">Excellence acad\u00e9mique et m\u00e9thodes contest\u00e9es. Au sein du prestigieux lyc\u00e9e <a href=\"https:\/\/www.leparisien.fr\/etudiant\/orientation\/lycees\/annuaire-lycees\/lycee-henri-iv-paris\/\" target=\"_blank\" rel=\"noreferrer nofollow noopener\">Henri-IV<\/a> \u00e0 Paris (Ve), des accusations graves concernant le comportement de sa proviseure, St\u00e9phanie Motta-Garcia, \u00e9mergent tant du c\u00f4t\u00e9 d\u2019anciens \u00e9l\u00e8ves que de membres du personnel \u00e9ducatif, certains encore en poste. Ces derniers d\u00e9noncent un management qu\u2019ils d\u00e9crivent comme autoritaire, voire abusif.<\/p>\n<p class=\"paragraph text_align_left\">Une plainte contre X visant implicitement la proviseure a \u00e9t\u00e9 d\u00e9pos\u00e9e en 2024 par trois anciens \u00e9l\u00e8ves pour des faits qui se seraient d\u00e9roul\u00e9s en 2022. Parmi eux, Anne et Antoine (les pr\u00e9noms ont \u00e9t\u00e9 chang\u00e9s) d\u00e9noncent des pressions ayant affect\u00e9 leur bien-\u00eatre psychologique et leur parcours scolaire.<\/p>\n","protected":false},"excerpt":{"rendered":"Excellence acad\u00e9mique et m\u00e9thodes contest\u00e9es. Au sein du prestigieux lyc\u00e9e Henri-IV \u00e0 Paris (Ve), des accusations graves concernant&hellip;\n","protected":false},"author":2,"featured_media":188377,"comment_status":"","ping_status":"","sticky":false,"template":"","format":"standard","meta":{"footnotes":""},"categories":[1888],"tags":[1111,1928,11,1927,1777,674,1011,27,1944,12,1926,626,1925,25],"class_list":{"0":"post-188376","1":"post","2":"type-post","3":"status-publish","4":"format-standard","5":"has-post-thumbnail","7":"category-paris","8":"tag-actu","9":"tag-actu-paris","10":"tag-actualites","11":"tag-actualites-paris","12":"tag-eu","13":"tag-europe","14":"tag-fr","15":"tag-france","16":"tag-ma-ville","17":"tag-news","18":"tag-news-paris","19":"tag-paris","20":"tag-paris-news","21":"tag-republique-francaise"},"share_on_mastodon":{"url":"https:\/\/pubeurope.com\/@fr\/114709986263343897","error":""},"_links":{"self":[{"href":"https:\/\/www.europesays.com\/fr\/wp-json\/wp\/v2\/posts\/188376","targetHints":{"allow":["GET"]}}],"collection":[{"href":"https:\/\/www.europesays.com\/fr\/wp-json\/wp\/v2\/posts"}],"about":[{"href":"https:\/\/www.europesays.com\/fr\/wp-json\/wp\/v2\/types\/post"}],"author":[{"embeddable":true,"href":"https:\/\/www.europesays.com\/fr\/wp-json\/wp\/v2\/users\/2"}],"replies":[{"embeddable":true,"href":"https:\/\/www.europesays.com\/fr\/wp-json\/wp\/v2\/comments?post=188376"}],"version-history":[{"count":0,"href":"https:\/\/www.europesays.com\/fr\/wp-json\/wp\/v2\/posts\/188376\/revisions"}],"wp:featuredmedia":[{"embeddable":true,"href":"https:\/\/www.europesays.com\/fr\/wp-json\/wp\/v2\/media\/188377"}],"wp:attachment":[{"href":"https:\/\/www.europesays.com\/fr\/wp-json\/wp\/v2\/media?parent=188376"}],"wp:term":[{"taxonomy":"category","embeddable":true,"href":"https:\/\/www.europesays.com\/fr\/wp-json\/wp\/v2\/categories?post=188376"},{"taxonomy":"post_tag","embeddable":true,"href":"https:\/\/www.europesays.com\/fr\/wp-json\/wp\/v2\/tags?post=188376"}],"curies":[{"name":"wp","href":"https:\/\/api.w.org\/{rel}","templated":true}]}}