{"id":188380,"date":"2025-06-19T12:18:13","date_gmt":"2025-06-19T12:18:13","guid":{"rendered":"https:\/\/www.europesays.com\/fr\/188380\/"},"modified":"2025-06-19T12:18:13","modified_gmt":"2025-06-19T12:18:13","slug":"savanah-en-concert-au-fnac-live-paris","status":"publish","type":"post","link":"https:\/\/www.europesays.com\/fr\/188380\/","title":{"rendered":"Savanah en concert au Fnac Live Paris"},"content":{"rendered":"<p>L\u2019artiste se produira en concert au Fnac Live Paris le 3 juillet !<\/p>\n<p>                            <strong>SAVANAH<\/strong><\/p>\n<p class=\"elementtoproof\">Grandir \u00e0 l\u2019ombre des productions de Angelo Badalamenti comme de London Grammar, s\u2019accrocher, parfois perdre puis recommencer.\u00a0 Nouvelle venue dans le monde de la dream pop hexagonale, avec sa voix cristalline, ses synth\u00e9s chim\u00e9riques et ses productions m\u00e9lancoliques, Savanah croit en sa bonne \u00e9toile comme dans le meilleur des nuits am\u00e9ricaines. Douceur en clair obscur. Fragilit\u00e9 d\u2019apparence.<\/p>\n<p class=\"elementtoproof\">\u25ba Explorez son univers sur <a href=\"https:\/\/www.deezer.com\/fr\/artist\/240930441\" target=\"_blank\" rel=\"noopener\">Deezer<\/a> et <a href=\"https:\/\/www.instagram.com\/savanah.musique\/\" target=\"_blank\" rel=\"noopener\">Instagram<\/a> !<\/p>\n<p><strong>FNAC LIVE PARIS<\/strong><\/p>\n<p>Le festival Fnac Live Paris, organis\u00e9 par la Fnac et la Ville de Paris, revient en plein c\u0153ur de la capitale du 2 au 4 juillet 2025, avec plus de vingt concerts gratuits et accessibles \u00e0 tous.<\/p>\n<p>Ad\u00e8le Castillon, Air, Eddy de Pretto, St. Vincent, Miossec, Olivia Ruiz, Vladimir Cauchemar et bien d\u2019autres\u2026\u00a0<strong><a href=\"https:\/\/leclaireur.fnac.com\/festival\/fnac-live-paris\/\" target=\"_blank\" rel=\"noopener\">D\u00e9couvrez la programmation compl\u00e8te<\/a><\/strong>\u00a0de ces trois jours de f\u00eate, o\u00f9 t\u00eates d\u2019affiche et talents \u00e9mergents se succ\u00e9deront pour c\u00e9l\u00e9brer la musique sous toutes ses formes !<\/p>\n<p>        <img decoding=\"async\" src=\"https:\/\/www.europesays.com\/fr\/wp-content\/uploads\/2025\/04\/logo-rse.png\" alt=\"Logo RSE\" loading=\"lazy\" width=\"84\" height=\"116\"\/><\/p>\n<p>\n        La Fnac s\u2019engage activement dans les initiatives de responsabilit\u00e9 soci\u00e9tale des entreprises (RSE).\n    <\/p>\n<p>\n        Aidez-nous en choisissant la mobilit\u00e9 douce en privil\u00e9giant par exemple le v\u00e9lo (pistes cyclables et stationnements \u00e0 disposition), les transports en commun ou le covoiturage pour nous rejoindre. Ainsi, vous contribuez \u00e0 r\u00e9duire les \u00e9missions de gaz \u00e0 effet de serre et \u00e0 am\u00e9liorer notre qualit\u00e9 de l\u2019air. Pour plus d\u2019information, consultez la fiche du magasin.<br \/>Tous nos \u00e9v\u00e8nements sont en acc\u00e8s gratuit, dans la limite des places disponibles.\n    <\/p>\n<p><script async src=\"\/\/www.instagram.com\/embed.js\"><\/script><\/p>\n","protected":false},"excerpt":{"rendered":"L\u2019artiste se produira en concert au Fnac Live Paris le 3 juillet ! SAVANAH Grandir \u00e0 l\u2019ombre des&hellip;\n","protected":false},"author":2,"featured_media":188381,"comment_status":"","ping_status":"","sticky":false,"template":"","format":"standard","meta":{"footnotes":""},"categories":[1888],"tags":[11,29885,1777,674,9391,29886,29887,24337,29888,1011,27,23089,29889,12,626,25],"class_list":{"0":"post-188380","1":"post","2":"type-post","3":"status-publish","4":"format-standard","5":"has-post-thumbnail","7":"category-paris","8":"tag-actualites","9":"tag-concert-gratuit","10":"tag-eu","11":"tag-europe","12":"tag-evenement-fnac-gratuit","13":"tag-festival-gratuit","14":"tag-flp2025","15":"tag-fnac-live","16":"tag-fnac-live-paris-2025","17":"tag-fr","18":"tag-france","19":"tag-hotel-de-ville","20":"tag-hotel-de-ville-de-paris","21":"tag-news","22":"tag-paris","23":"tag-republique-francaise"},"share_on_mastodon":{"url":"https:\/\/pubeurope.com\/@fr\/114709994178851611","error":""},"_links":{"self":[{"href":"https:\/\/www.europesays.com\/fr\/wp-json\/wp\/v2\/posts\/188380","targetHints":{"allow":["GET"]}}],"collection":[{"href":"https:\/\/www.europesays.com\/fr\/wp-json\/wp\/v2\/posts"}],"about":[{"href":"https:\/\/www.europesays.com\/fr\/wp-json\/wp\/v2\/types\/post"}],"author":[{"embeddable":true,"href":"https:\/\/www.europesays.com\/fr\/wp-json\/wp\/v2\/users\/2"}],"replies":[{"embeddable":true,"href":"https:\/\/www.europesays.com\/fr\/wp-json\/wp\/v2\/comments?post=188380"}],"version-history":[{"count":0,"href":"https:\/\/www.europesays.com\/fr\/wp-json\/wp\/v2\/posts\/188380\/revisions"}],"wp:featuredmedia":[{"embeddable":true,"href":"https:\/\/www.europesays.com\/fr\/wp-json\/wp\/v2\/media\/188381"}],"wp:attachment":[{"href":"https:\/\/www.europesays.com\/fr\/wp-json\/wp\/v2\/media?parent=188380"}],"wp:term":[{"taxonomy":"category","embeddable":true,"href":"https:\/\/www.europesays.com\/fr\/wp-json\/wp\/v2\/categories?post=188380"},{"taxonomy":"post_tag","embeddable":true,"href":"https:\/\/www.europesays.com\/fr\/wp-json\/wp\/v2\/tags?post=188380"}],"curies":[{"name":"wp","href":"https:\/\/api.w.org\/{rel}","templated":true}]}}