{"id":188392,"date":"2025-06-19T12:24:09","date_gmt":"2025-06-19T12:24:09","guid":{"rendered":"https:\/\/www.europesays.com\/fr\/188392\/"},"modified":"2025-06-19T12:24:09","modified_gmt":"2025-06-19T12:24:09","slug":"leurope-baisse-avec-les-tensions-internationales-et-la-politique-monetaire-wall-street-fermee","status":"publish","type":"post","link":"https:\/\/www.europesays.com\/fr\/188392\/","title":{"rendered":"L&rsquo;Europe baisse avec les tensions internationales et la politique mon\u00e9taire, Wall Street ferm\u00e9e"},"content":{"rendered":"<p>L&rsquo;indice paneurop\u00e9en FTSEurofirst 300 perd 0,42%, l&rsquo;EuroStoxx 50 recule de 0,82% et le Stoxx 600 d\u00e9cline de 0,48%.<\/p>\n<p>Les investisseurs analysent jeudi les nombreuses d\u00e9cisions de politique mon\u00e9taire d&rsquo;un c\u00f4t\u00e9 et de l&rsquo;autre de l&rsquo;Atlantique alors que les tensions g\u00e9opolitiques, notamment entre Isra\u00ebl et Iran, s&rsquo;amplifient. <\/p>\n<p>\u00ab\u00a0Conflit au Moyen-Orient, statu quo de la Fed et donn\u00e9es macro\u00e9conomiques am\u00e9ricaines, les march\u00e9s n\u2019ont pas beaucoup de branches auxquelles se rattraper \u00e0 court-terme\u00a0\u00bb, estime Alexandre Baradez, responsable de l\u2019analyse march\u00e9s chez IG France.<\/p>\n<p>Mercredi, la R\u00e9serve f\u00e9d\u00e9rale am\u00e9ricaine (Fed)a maintenu ses taux d&rsquo;int\u00e9r\u00eat inchang\u00e9s et a pr\u00e9cis\u00e9 que le rythme global de ses futures baisses de taux devrait ralentir face \u00e0 la perspective d&rsquo;une augmentation de l&rsquo;inflation. <\/p>\n<p>Jeudi, la Banque d&rsquo;Angleterre (BoE) a aussi opt\u00e9 pour le statu quo dans l&rsquo;attente de voir les cons\u00e9quences \u00e9conomiques des tensions g\u00e9opolitiques et commerciales. <\/p>\n<p>Plus t\u00f4t, la Banque nationale suisse (BNS) a abaiss\u00e9 son principal taux directeur \u00e0 z\u00e9ro en raison de l&rsquo;inflation n\u00e9gative et n&rsquo;a pas exclu de ramener prochainement ce taux en-dessous de z\u00e9ro.<\/p>\n<p>\u00ab\u00a0Selon nous, le vrai sujet aujourd\u2019hui, ce n\u2019est pas l\u2019escalade militaire au Moyen-Orient, mais le retour imminent des taux n\u00e9gatifs\u00a0\u00bb, juge pour sa part Christopher Dembik, conseiller en strat\u00e9gie d\u2019investissement chez Pictet AM.<\/p>\n<p>La banque centrale de Norv\u00e8ge, la Norges Bank, a \u00e9galement baiss\u00e9 pour la premi\u00e8re fois en 5 ans son principal taux de r\u00e9f\u00e9rence jeudi, passant de 4,5% \u00e0 4,25%.<\/p>\n<p>VALEURS EN EUROPE <\/p>\n<p>Kering perd 3,36% et enregistre l&rsquo;une des plus mauvaises performances du CAC 40 apr\u00e8s que Berenberg a indiqu\u00e9 dans une note publi\u00e9e jeudi s&rsquo;attendre \u00e0 une stagnation des d\u00e9penses de luxe des consommateurs chinois dans les prochaines ann\u00e9es et mentionn\u00e9 le groupe fran\u00e7ais comme l&rsquo;une de ses valeurs les \u00ab\u00a0moins pr\u00e9f\u00e9r\u00e9es\u00a0\u00bb dans ce contexte.<\/p>\n<p>Eutelsat gagne de son c\u00f4t\u00e9 10,69%, l&rsquo;op\u00e9rateur de satellites ayant sign\u00e9 un accord de 10 ans avec le gouvernement fran\u00e7ais pour ses forces arm\u00e9es.<\/p>\n<p>Ailleurs en Europe, Rio Tinto recule de 1,8% apr\u00e8s avoir accept\u00e9 de d\u00e9bourser 138,75 millions de dollars pour mettre fin \u00e0 un contentieux.<\/p>\n<p>Le secteur du p\u00e9trole et gaz gagne 0,44% alors que les cours du brut sont d\u00e9sormais proches d&rsquo;un sommet de quatre mois et demi avec les tensions g\u00e9opolitiques.<\/p>\n<p>TAUX     Les rendements europ\u00e9ens sont en l\u00e9g\u00e8re hausse jeudi apr\u00e8s des replis mercredi, les investisseurs r\u00e9agissant aux d\u00e9cisions de politique mon\u00e9taire. <\/p>\n<p>Fran\u00e7ois Villeroy de Galhau, gouverneur de la Banque de France et membre du conseil des gouverneurs de la BCE, a par ailleurs d\u00e9clar\u00e9 jeudi ne pas exclure une baisse des taux de l&rsquo;institution de Francfort dans les six prochains mois. <\/p>\n<p>Le rendement du dix ans allemand se renforce de 1,6 pb \u00e0 2,516%, celui du taux \u00e0 deux ans perd 0,4 pb \u00e0 1,843%.<\/p>\n<p>Le rendement du dix ans britannique prend 2 points de base et celui du dans ans perd 0,03 point de base \u00e0 3,892%.<\/p>\n<p>CHANGES <\/p>\n<p>Le dollar est stable jeudi en milieu de journ\u00e9e, apr\u00e8s avoir affich\u00e9 une hausse dans la matin\u00e9e, et pourrait signer sa meilleure performance hebdomadaire depuis fin janvier avec la recherche de valeurs refuges. <\/p>\n<p>Le dollar gagne 0,06% face \u00e0 un panier de devises de r\u00e9f\u00e9rence, l&rsquo;euro se hisse de 0,04% \u00e0 1,1484 dollar, et la livre sterling se raffermit de 0,16% \u00e0 1,3439 dollar.<\/p>\n<p>P\u00c9TROLE <\/p>\n<p>Les prix du p\u00e9trole \u00e9voluent \u00e0 la hausse jeudi apr\u00e8s qu&rsquo;Isra\u00ebl a indiqu\u00e9 avoir attaqu\u00e9 des sites nucl\u00e9aires iraniens pendant la nuit, nourrissant les craintes d&rsquo;un embrasement du Moyen-Orient qui pourrait peser sur les approvisionnements en brut.<\/p>\n<p>Le Brent progresse de 1,15% \u00e0 77,58 dollars le baril, le brut l\u00e9ger am\u00e9ricain (West Texas Intermediate, WTI) se rench\u00e9rit de 1,61% \u00e0 76,35 dollars.<\/p>\n<p>AUCUN INDICATEUR \u00c9CONOMIQUE MAJEUR \u00c0 L&rsquo;AGENDA DU 19 JUIN<\/p>\n<p> (R\u00e9dig\u00e9 par Bertrand De Meyer, \u00e9dit\u00e9 par Sophie Louet)<\/p>\n","protected":false},"excerpt":{"rendered":"L&rsquo;indice paneurop\u00e9en FTSEurofirst 300 perd 0,42%, l&rsquo;EuroStoxx 50 recule de 0,82% et le Stoxx 600 d\u00e9cline de 0,48%.&hellip;\n","protected":false},"author":2,"featured_media":188393,"comment_status":"","ping_status":"","sticky":false,"template":"","format":"standard","meta":{"footnotes":""},"categories":[1586],"tags":[11,2125,1777,674,1011,27,2124,12,25],"class_list":{"0":"post-188392","1":"post","2":"type-post","3":"status-publish","4":"format-standard","5":"has-post-thumbnail","7":"category-europe","8":"tag-actualites","9":"tag-depeches-reuters","10":"tag-eu","11":"tag-europe","12":"tag-fr","13":"tag-france","14":"tag-infos-reuters","15":"tag-news","16":"tag-republique-francaise"},"share_on_mastodon":{"url":"","error":""},"_links":{"self":[{"href":"https:\/\/www.europesays.com\/fr\/wp-json\/wp\/v2\/posts\/188392","targetHints":{"allow":["GET"]}}],"collection":[{"href":"https:\/\/www.europesays.com\/fr\/wp-json\/wp\/v2\/posts"}],"about":[{"href":"https:\/\/www.europesays.com\/fr\/wp-json\/wp\/v2\/types\/post"}],"author":[{"embeddable":true,"href":"https:\/\/www.europesays.com\/fr\/wp-json\/wp\/v2\/users\/2"}],"replies":[{"embeddable":true,"href":"https:\/\/www.europesays.com\/fr\/wp-json\/wp\/v2\/comments?post=188392"}],"version-history":[{"count":0,"href":"https:\/\/www.europesays.com\/fr\/wp-json\/wp\/v2\/posts\/188392\/revisions"}],"wp:featuredmedia":[{"embeddable":true,"href":"https:\/\/www.europesays.com\/fr\/wp-json\/wp\/v2\/media\/188393"}],"wp:attachment":[{"href":"https:\/\/www.europesays.com\/fr\/wp-json\/wp\/v2\/media?parent=188392"}],"wp:term":[{"taxonomy":"category","embeddable":true,"href":"https:\/\/www.europesays.com\/fr\/wp-json\/wp\/v2\/categories?post=188392"},{"taxonomy":"post_tag","embeddable":true,"href":"https:\/\/www.europesays.com\/fr\/wp-json\/wp\/v2\/tags?post=188392"}],"curies":[{"name":"wp","href":"https:\/\/api.w.org\/{rel}","templated":true}]}}