{"id":188408,"date":"2025-06-19T12:34:12","date_gmt":"2025-06-19T12:34:12","guid":{"rendered":"https:\/\/www.europesays.com\/fr\/188408\/"},"modified":"2025-06-19T12:34:12","modified_gmt":"2025-06-19T12:34:12","slug":"ai-ogura-fait-son-retour-de-blessure-au-mugello","status":"publish","type":"post","link":"https:\/\/www.europesays.com\/fr\/188408\/","title":{"rendered":"Ai Ogura fait son retour de blessure au Mugello"},"content":{"rendered":"<p>Cette fois, c&rsquo;est la bonne ! <a href=\"https:\/\/fr.motorsport.com\/driver\/ai-ogura\/471489\/\" target=\"_blank\" rel=\"noopener\">Ai Ogura<\/a> a obtenu l&rsquo;accord de ses m\u00e9decins pour reprendre la comp\u00e9tition cette semaine, apr\u00e8s quoi il a pass\u00e9 avec succ\u00e8s le contr\u00f4le m\u00e9dical obligatoire de ce jeudi, au Mugello. Le pilote japonais \u00e9tait sur la touche depuis une grosse chute lors des premiers essais du GP de Grande-Bretagne, il y a pr\u00e8s d&rsquo;un mois.<\/p>\n<p>Bien qu&rsquo;elle n&rsquo;ait pas \u00e9t\u00e9 d\u00e9cel\u00e9e imm\u00e9diatement, il est apparu qu&rsquo;il souffrait d&rsquo;une fracture sur le haut du tibia, pr\u00e8s du genou droit, ce qui a entra\u00een\u00e9 son forfait puis une op\u00e9ration quelques jours plus tard. La nature de la blessure poussant \u00e0 la plus grande prudence pour qu&rsquo;il ne subisse pas de s\u00e9quelles durables en cas de nouvelle l\u00e9sion, il n&rsquo;a pas obtenu le feu vert pour se rendre \u00e0 Alca\u00f1iz deux semaines plus tard, et a d\u00fb renoncer au Grand Prix \u00e0 la veille des essais.<\/p>\n<p>Il a cependant repass\u00e9, avec succ\u00e8s cette fois, un examen de contr\u00f4le mardi \u00e0 Barcelone. Le Dr \u00c1ngel Charte, m\u00e9decin du championnat, et le Dr\u00a0Joan Carlez Montllau, qui a pratiqu\u00e9 l&rsquo;intervention, l&rsquo;ont cette fois jug\u00e9 suffisamment r\u00e9tabli pour pouvoir remonter sur l&rsquo;Aprilia. Ce verdict a \u00e9t\u00e9 confirm\u00e9 ce jeudi au circuit, lorsqu&rsquo;il s&rsquo;est soumis \u00e0 la visite de contr\u00f4le obligatoire lors de tout retour de blessure.<\/p>\n<p>\u00ab\u00a0Je me sens beaucoup mieux avec ma jambe\u00a0\u00bb, d\u00e9clarait Ai Ogura cette semaine, impatient d\u00e9j\u00e0 de disputer cette neuvi\u00e8me manche de la saison. \u00ab\u00a0Je commence \u00e0 sentir que je peux piloter une moto et courir, alors je pense que ma condition physique \u00e9volue dans la bonne direction.\u00a0\u00bb<\/p>\n<p>   <img decoding=\"async\" draggable=\"false\" src=\"https:\/\/www.europesays.com\/fr\/wp-content\/uploads\/2025\/06\/1750336452_94_ai-ogura-trackhouse-racing.jpg\" alt=\"Ai Ogura (Trackhouse Racing)\" width=\"1200\" height=\"800\" loading=\"lazy\"\/> <\/p>\n<p class=\"title\">Ai Ogura (Trackhouse Racing)<\/p>\n<p class=\"photographer\">Photo de: Gold and Goose Photography \/ LAT Images \/ via Getty Images<\/p>\n<p>\u00ab\u00a0Cela fait depuis Silverstone que je ne pilote pas, ce qui ne para\u00eet peut-\u00eatre pas long mais j&rsquo;ai tout de m\u00eame manqu\u00e9 une course et le test, alors je crois qu&rsquo;il va me falloir un peu de temps pour me r\u00e9adapter pendant la premi\u00e8re s\u00e9ance du week-end.\u00a0\u00c7a fait partie du jeu. [&#8230;] J&rsquo;ai h\u00e2te de remonter sur la moto et de tout reprendre depuis le d\u00e9but. Je suis impatient de reprendre le guidon et de travailler avec mon \u00e9quipe, j&rsquo;ai besoin de courir d\u00e9sormais et je suis content de m&rsquo;y remettre\u00a0!\u00a0\u00bb<\/p>\n<p>Danilo Petrucci pr\u00eat \u00e0 le remplacer<\/p>\n<p>Le champion du monde Moto2 en titre, d\u00e9butant dans la cat\u00e9gorie reine cette saison, occupe le 12e rang du classement g\u00e9n\u00e9ral \u00e0 ce stade, une position qui p\u00e2tit de sa disqualification pour raison technique en Argentine alors qu&rsquo;il a r\u00e9alis\u00e9 un d\u00e9but de saison brillant. Il domine notamment son co\u00e9quipier <a href=\"https:\/\/fr.motorsport.com\/driver\/raul-fernandez\/443094\/\" target=\"_blank\" rel=\"noopener\">Ra\u00fal Fern\u00e1ndez<\/a>, pourtant plus exp\u00e9riment\u00e9 mais qui a marqu\u00e9 18 points de moins que lui.<\/p>\n<p>S&rsquo;il avait d\u00fb manquer le GP d&rsquo;Italie cette semaine, <a href=\"https:\/\/fr.motorsport.com\/motogp\/news\/petrucci-pret-courir-aprilia-mugello\/10733626\/\" target=\"_self\" rel=\"noopener\">Ai Ogura aurait \u00e9t\u00e9 remplac\u00e9 par Danilo Petrucci<\/a>, qui se tenait pr\u00eat. Aujourd&rsquo;hui engag\u00e9 en WorldSBK, l&rsquo;Italien avait obtenu l&rsquo;accord de son \u00e9quipe, le team Barni qui aligne une Ducati priv\u00e9e, pour cette infid\u00e9lit\u00e9 passag\u00e8re. Il reste sur les rangs, pr\u00eat \u00e0 prendre le train en marche si jamais le pilote Trackhouse devait renoncer apr\u00e8s les EL1, vendredi matin, mais cette perspective para\u00eet d\u00e9sormais tr\u00e8s improbable.<\/p>\n<p>Rappelons que deux pilotes de la grille MotoGP sont absents actuellement : le champion en titre <a href=\"https:\/\/fr.motorsport.com\/driver\/jorge-martin\/109391\/\" target=\"_blank\" rel=\"noopener\">Jorge Mart\u00edn<\/a>, remplac\u00e9 par <a href=\"https:\/\/fr.motorsport.com\/driver\/lorenzo-savadori\/408147\/\" target=\"_blank\" rel=\"noopener\">Lorenzo Savadori<\/a> chez Aprilia, et <a href=\"https:\/\/fr.motorsport.com\/driver\/luca-marini\/201098\/\" target=\"_blank\" rel=\"noopener\">Luca Marini<\/a>, remplac\u00e9 par <a href=\"https:\/\/fr.motorsport.com\/driver\/takaaki-nakagami\/109418\/\" target=\"_blank\" rel=\"noopener\">Takaaki Nakagami<\/a> chez Honda alors qu&rsquo;il soigne de multiples blessures cons\u00e9cutives d&rsquo;une grosse chute \u00e0 Suzuka, lors d&rsquo;un test en endurance.<\/p>\n<p>Quant \u00e0 <a href=\"https:\/\/fr.motorsport.com\/driver\/fermin-aldeguer\/945314\/\" target=\"_blank\" rel=\"noopener\">Ferm\u00edn Aldeguer<\/a>, qui a \u00e9t\u00e9 op\u00e9r\u00e9 au bras et \u00e0 la main la semaine derni\u00e8re, afin de rem\u00e9dier \u00e0 ses douleurs persistantes, il a lui aussi re\u00e7u le feu vert des m\u00e9decins ce jeudi et sera en piste demain.<\/p>\n<p>Lire aussi :<\/p>\n<p>Dans cet article<\/p>\n<p>    L\u00e9na Buffa\n<\/p>\n<p>    MotoGP\n<\/p>\n<p>    Ai Ogura\n<\/p>\n<p>    Trackhouse Racing Team\n<\/p>\n<p>Soyez le premier inform\u00e9 et souscrivez aux alertes mails pour recevoir les infos en temps r\u00e9el<\/p>\n<p>    S&rsquo;abonner aux alertes de news<\/p>\n","protected":false},"excerpt":{"rendered":"Cette fois, c&rsquo;est la bonne ! Ai Ogura a obtenu l&rsquo;accord de ses m\u00e9decins pour reprendre la comp\u00e9tition&hellip;\n","protected":false},"author":2,"featured_media":188409,"comment_status":"","ping_status":"","sticky":false,"template":"","format":"standard","meta":{"footnotes":""},"categories":[1413],"tags":[3378,1011,27,31123,1457,1456,1458,31124,60,4084],"class_list":{"0":"post-188408","1":"post","2":"type-post","3":"status-publish","4":"format-standard","5":"has-post-thumbnail","7":"category-moto","8":"tag-ai-ogura","9":"tag-fr","10":"tag-france","11":"tag-gp-ditalie","12":"tag-moto","13":"tag-motocycle","14":"tag-motogp","15":"tag-mugello","16":"tag-sports","17":"tag-trackhouse-racing-team"},"share_on_mastodon":{"url":"https:\/\/pubeurope.com\/@fr\/114710057293414349","error":""},"_links":{"self":[{"href":"https:\/\/www.europesays.com\/fr\/wp-json\/wp\/v2\/posts\/188408","targetHints":{"allow":["GET"]}}],"collection":[{"href":"https:\/\/www.europesays.com\/fr\/wp-json\/wp\/v2\/posts"}],"about":[{"href":"https:\/\/www.europesays.com\/fr\/wp-json\/wp\/v2\/types\/post"}],"author":[{"embeddable":true,"href":"https:\/\/www.europesays.com\/fr\/wp-json\/wp\/v2\/users\/2"}],"replies":[{"embeddable":true,"href":"https:\/\/www.europesays.com\/fr\/wp-json\/wp\/v2\/comments?post=188408"}],"version-history":[{"count":0,"href":"https:\/\/www.europesays.com\/fr\/wp-json\/wp\/v2\/posts\/188408\/revisions"}],"wp:featuredmedia":[{"embeddable":true,"href":"https:\/\/www.europesays.com\/fr\/wp-json\/wp\/v2\/media\/188409"}],"wp:attachment":[{"href":"https:\/\/www.europesays.com\/fr\/wp-json\/wp\/v2\/media?parent=188408"}],"wp:term":[{"taxonomy":"category","embeddable":true,"href":"https:\/\/www.europesays.com\/fr\/wp-json\/wp\/v2\/categories?post=188408"},{"taxonomy":"post_tag","embeddable":true,"href":"https:\/\/www.europesays.com\/fr\/wp-json\/wp\/v2\/tags?post=188408"}],"curies":[{"name":"wp","href":"https:\/\/api.w.org\/{rel}","templated":true}]}}