{"id":188416,"date":"2025-06-19T12:38:09","date_gmt":"2025-06-19T12:38:09","guid":{"rendered":"https:\/\/www.europesays.com\/fr\/188416\/"},"modified":"2025-06-19T12:38:09","modified_gmt":"2025-06-19T12:38:09","slug":"vaimalama-chaves-evoque-sa-rupture-avec-nicolas-fleury-rachida-dati-parle-du-portable-de-sa-fille-de-14-ans","status":"publish","type":"post","link":"https:\/\/www.europesays.com\/fr\/188416\/","title":{"rendered":"Vaimalama Chaves \u00e9voque sa rupture avec Nicolas Fleury\u2026 Rachida Dati parle du portable de sa fille de 14 ans\u2026"},"content":{"rendered":"<p>Benjamin Baffie va faire ses d\u00e9buts dans \u00ab\u00a0Demain nous appartient\u00a0\u00bb<\/p>\n<p>Le fils de l\u2019humoriste <a href=\"https:\/\/www.20minutes.fr\/arts-stars\/television\/4148432-20250413-ll-choses-font-honte-oui-laurent-baffie-regrette-certaines-blagues\" target=\"_blank\" class=\"color-ultramarine c-link\" rel=\"noopener\">Laurent Baffie <\/a>a rejoint le casting de la s\u00e9rie de TF1 selon <a href=\"https:\/\/www.programme-tv.net\/news\/series-tv\/381247-exclu-demain-nous-appartient-le-fils-de-laurent-baffie-rejoint-la-serie-de-tf1-decouvrez-son-role\/\" rel=\"nofollow noopener\" target=\"_blank\" class=\"color-ultramarine c-link\">T\u00e9l\u00e9-Loisirs<\/a>. Le com\u00e9dien en herbe, n\u00e9 en\u00a01995, interpr\u00e8te Romain Delorme, un jeune homme de 25 ans \u00ab\u00a0au caract\u00e8re \u00e0 la fois discret et un peu bougon\u00a0\u00bb, passionn\u00e9 de sculpture et inscrit au m\u00eame cours que Noor (Sahelle De Figueiredo) et Judith (Alice Varela).<\/p>\n<p>Avant cette nouvelle aventure, l\u2019ancien cavalier professionnel s\u2019\u00e9tait essay\u00e9 aux planches, notamment dans la pi\u00e8ce de th\u00e9\u00e2tre Toc Toc de son p\u00e8re. Il a deux fr\u00e8res et une s\u0153ur, issus de l\u2019union de <a href=\"https:\/\/www.20minutes.fr\/societe\/4105878-20240814-jo-paris-2024-policiers-pieges-laurent-baffie-vises-enquetes-administratives-vraiment\" target=\"_blank\" class=\"color-ultramarine c-link\" rel=\"noopener\">Laurent Baffie<\/a> avec son \u00e9pouse Sandrine.<\/p>\n<p>Vaimalama Chaves \u00e9voque les raisons de sa rupture avec Nicolas Fleury<\/p>\n<p>Rachida Dati explique pourquoi sa fille a eu un portable d\u00e8s ses 14 ans<\/p>\n<p>La<a href=\"https:\/\/www.20minutes.fr\/arts-stars\/culture\/4159278-20250619-harcele-collaborateurs-gros-clash-entre-rachida-dati-patrick-cohen\" target=\"_blank\" class=\"color-ultramarine c-link\" rel=\"noopener\"> ministre de la Culture<\/a> d\u00e9fend l\u2019interdiction du portable \u00e0 l\u2019\u00e9cole et serait \u00ab\u00a0assez favorable\u00a0\u00bb \u00e0 un acc\u00e8s limit\u00e9, voire interdit, aux r\u00e9seaux sociaux chez les mineurs, \u00ab\u00a0surtout pour des enfants qui sont fragiles\u00a0\u00bb. Et si sa fille Zohra a eu un droit \u00e0 un portable d\u00e8s ses 14 ans, c\u2019\u00e9tait pour une raison tr\u00e8s pr\u00e9cise.<\/p>\n<p>\u00ab\u00a0Elle a eu un souci de sant\u00e9 assez important, et donc j\u2019ai donn\u00e9 le t\u00e9l\u00e9phone pour des raisons de s\u00e9curit\u00e9\u00a0\u00bb, a justifi\u00e9 Rachida Dati sur le plateau de <a href=\"https:\/\/www.france.tv\/france-5\/c-a-vous\/saison-16\/7221773-emission-du-mercredi-18-juin-2025.html\" rel=\"nofollow noopener\" target=\"_blank\" class=\"color-ultramarine c-link\">C \u00e0 vous<\/a>. Quelques jours plus t\u00f4t, <a href=\"https:\/\/www.20minutes.fr\/justice\/4158898-20250617-nicolas-sarkozy-comme-bardella-dati-choquee-retrait-legion-honneur-ex-president\" target=\"_blank\" class=\"color-ultramarine c-link\" rel=\"noopener\">la ministre <\/a>reconnaissait lors d\u2019un \u00e9change pour Le Papotin que le sujet \u00e9tait devenu \u00ab\u00a0un petit probl\u00e8me\u00a0\u00bb avec l\u2019adolescente de 16 ans, qui profite parfois du fait que sa m\u00e8re a \u00ab\u00a0le dos tourn\u00e9\u00a0\u00bb pour utiliser son t\u00e9l\u00e9phone.<\/p>\n","protected":false},"excerpt":{"rendered":"Benjamin Baffie va faire ses d\u00e9buts dans \u00ab\u00a0Demain nous appartient\u00a0\u00bb Le fils de l\u2019humoriste Laurent Baffie a rejoint&hellip;\n","protected":false},"author":2,"featured_media":188417,"comment_status":"","ping_status":"","sticky":false,"template":"","format":"standard","meta":{"footnotes":""},"categories":[1359],"tags":[5632,3598,58,59,2702,1011,27,7547,3784,2616,973,417,199,133],"class_list":{"0":"post-188416","1":"post","2":"type-post","3":"status-publish","4":"format-standard","5":"has-post-thumbnail","7":"category-people","8":"tag-c-a-vous","9":"tag-demain-nous-appartient","10":"tag-divertissement","11":"tag-entertainment","12":"tag-fil-des-stars","13":"tag-fr","14":"tag-france","15":"tag-laurent-baffie","16":"tag-ministre","17":"tag-ministre-de-la-culture","18":"tag-people","19":"tag-rachida-dati","20":"tag-tf1","21":"tag-video"},"share_on_mastodon":{"url":"https:\/\/pubeurope.com\/@fr\/114710072737316790","error":""},"_links":{"self":[{"href":"https:\/\/www.europesays.com\/fr\/wp-json\/wp\/v2\/posts\/188416","targetHints":{"allow":["GET"]}}],"collection":[{"href":"https:\/\/www.europesays.com\/fr\/wp-json\/wp\/v2\/posts"}],"about":[{"href":"https:\/\/www.europesays.com\/fr\/wp-json\/wp\/v2\/types\/post"}],"author":[{"embeddable":true,"href":"https:\/\/www.europesays.com\/fr\/wp-json\/wp\/v2\/users\/2"}],"replies":[{"embeddable":true,"href":"https:\/\/www.europesays.com\/fr\/wp-json\/wp\/v2\/comments?post=188416"}],"version-history":[{"count":0,"href":"https:\/\/www.europesays.com\/fr\/wp-json\/wp\/v2\/posts\/188416\/revisions"}],"wp:featuredmedia":[{"embeddable":true,"href":"https:\/\/www.europesays.com\/fr\/wp-json\/wp\/v2\/media\/188417"}],"wp:attachment":[{"href":"https:\/\/www.europesays.com\/fr\/wp-json\/wp\/v2\/media?parent=188416"}],"wp:term":[{"taxonomy":"category","embeddable":true,"href":"https:\/\/www.europesays.com\/fr\/wp-json\/wp\/v2\/categories?post=188416"},{"taxonomy":"post_tag","embeddable":true,"href":"https:\/\/www.europesays.com\/fr\/wp-json\/wp\/v2\/tags?post=188416"}],"curies":[{"name":"wp","href":"https:\/\/api.w.org\/{rel}","templated":true}]}}