{"id":188418,"date":"2025-06-19T12:39:13","date_gmt":"2025-06-19T12:39:13","guid":{"rendered":"https:\/\/www.europesays.com\/fr\/188418\/"},"modified":"2025-06-19T12:39:13","modified_gmt":"2025-06-19T12:39:13","slug":"dans-latelier-de-victor-cadene-entre-lumiere-memoire-et-fragments","status":"publish","type":"post","link":"https:\/\/www.europesays.com\/fr\/188418\/","title":{"rendered":"Dans l\u2019atelier de Victor Cadene, entre lumi\u00e8re, m\u00e9moire et fragments"},"content":{"rendered":"<p>\u00a9 Julien Drach<\/p>\n<p>Entre le vide et la m\u00e9moire<\/p>\n<p>Ce que Victor Cadene compose, ce ne sont pas des sc\u00e8nes, mais des absences. Des objets morcel\u00e9s, parfois antiques, parfois r\u00eav\u00e9s, des fragments qui \u00e9voquent ce qui n\u2019est plus l\u00e0. Il joue avec les manques, les vides, les silences. \u00ab Lors de la cr\u00e9ation, il n\u2019imagine pas le reste du fragment. J&rsquo;aime bien donner l&rsquo;illusion qu&rsquo;il y a eu un reste. Mais on voit que c&rsquo;est quand m\u00eame compos\u00e9 pour la pierre, pour sa forme. \u00bb Il ne s\u2019agit pas ici de restaurer, ni de figurer. Il s\u2019agit de sugg\u00e9rer, d\u2019inviter \u00e0 imaginer. Son imaginaire visuel puise dans l\u2019Antiquit\u00e9, bien s\u00fbr, mais aussi dans la <a href=\"https:\/\/www.admagazine.fr\/article\/chefs-oeuvre-architecture-renaissance\" target=\"_blank\" rel=\"noopener\">Renaissance<\/a>, le XIXe si\u00e8cle, et le cin\u00e9ma. Il cite notamment La Chim\u00e8re (2023) d\u2019Alice Rohrwacher parmi ses films favoris r\u00e9cents. On y retrouve cette atmosph\u00e8re \u00e9trusque, ce m\u00eame go\u00fbt pour les objets trouv\u00e9s, les r\u00e9cits fragmentaires, les formes perdues \u00e0 r\u00e9inventer.<\/p>\n<p>\u00a9 Julien Drach<\/p>\n<p>Du dessin au mur, du livre \u00e0 la galerie<\/p>\n<p>La rigueur de Victor Cadene est celle d\u2019un artisan : chaque forme est dessin\u00e9e, coloris\u00e9e, d\u00e9coup\u00e9e au scalpel, assembl\u00e9e avec patience. Rien n\u2019est laiss\u00e9 au hasard, mais tout semble naturel. Ses couleurs, souvent sourdes, \u00e9voquent des pigments anciens. Ses formes flottent entre abstraction et arch\u00e9ologie fictive. Certaines pi\u00e8ces, cr\u00e9\u00e9es in situ \u2013 pour une chemin\u00e9e \u00e0 <a href=\"https:\/\/www.admagazine.fr\/article\/villa-benkemoun-arles-joyau-seventies\" target=\"_blank\" rel=\"noopener\">Arles<\/a>, un pan de ch\u00e2teau \u2013 prolongent cette logique d\u2019int\u00e9gration sensible dans l\u2019espace. La pierre volcanique qu\u2019il utilise, r\u00e9sistante \u00e0 la chaleur, se pr\u00eate aux usages les plus vari\u00e9s : table, baignoire, fa\u00e7ade. En janvier dernier, un livre publi\u00e9 aux \u00e9ditions In Fine est venu donner un nouvel \u00e9crin \u00e0 ses \u0153uvres. Illustr\u00e9 de po\u00e8mes d\u2019Arthur Teboul (chanteur du groupe Feu! Chatterton) et introduit par <a href=\"https:\/\/www.admagazine.fr\/article\/louvre-exposition-mode-premiere-fois\" target=\"_blank\" rel=\"noopener\">Olivier Gabet<\/a> (directeur du d\u00e9partement des objets d\u2019art du Louvre), l\u2019ouvrage trace un portrait kal\u00e9idoscopique de son univers.<\/p>\n","protected":false},"excerpt":{"rendered":"\u00a9 Julien Drach Entre le vide et la m\u00e9moire Ce que Victor Cadene compose, ce ne sont pas&hellip;\n","protected":false},"author":2,"featured_media":188419,"comment_status":"","ping_status":"","sticky":false,"template":"","format":"standard","meta":{"footnotes":""},"categories":[1358],"tags":[10099,3734,32625,1348,1384,1385,1386,58,59,1011,27],"class_list":{"0":"post-188418","1":"post","2":"type-post","3":"status-publish","4":"format-standard","5":"has-post-thumbnail","7":"category-arts-et-design","8":"tag-appartement-parisien","9":"tag-art","10":"tag-artisanat-dart","11":"tag-arts","12":"tag-arts-and-design","13":"tag-arts-et-design","14":"tag-design","15":"tag-divertissement","16":"tag-entertainment","17":"tag-fr","18":"tag-france"},"share_on_mastodon":{"url":"https:\/\/pubeurope.com\/@fr\/114710076664567878","error":""},"_links":{"self":[{"href":"https:\/\/www.europesays.com\/fr\/wp-json\/wp\/v2\/posts\/188418","targetHints":{"allow":["GET"]}}],"collection":[{"href":"https:\/\/www.europesays.com\/fr\/wp-json\/wp\/v2\/posts"}],"about":[{"href":"https:\/\/www.europesays.com\/fr\/wp-json\/wp\/v2\/types\/post"}],"author":[{"embeddable":true,"href":"https:\/\/www.europesays.com\/fr\/wp-json\/wp\/v2\/users\/2"}],"replies":[{"embeddable":true,"href":"https:\/\/www.europesays.com\/fr\/wp-json\/wp\/v2\/comments?post=188418"}],"version-history":[{"count":0,"href":"https:\/\/www.europesays.com\/fr\/wp-json\/wp\/v2\/posts\/188418\/revisions"}],"wp:featuredmedia":[{"embeddable":true,"href":"https:\/\/www.europesays.com\/fr\/wp-json\/wp\/v2\/media\/188419"}],"wp:attachment":[{"href":"https:\/\/www.europesays.com\/fr\/wp-json\/wp\/v2\/media?parent=188418"}],"wp:term":[{"taxonomy":"category","embeddable":true,"href":"https:\/\/www.europesays.com\/fr\/wp-json\/wp\/v2\/categories?post=188418"},{"taxonomy":"post_tag","embeddable":true,"href":"https:\/\/www.europesays.com\/fr\/wp-json\/wp\/v2\/tags?post=188418"}],"curies":[{"name":"wp","href":"https:\/\/api.w.org\/{rel}","templated":true}]}}