{"id":188424,"date":"2025-06-19T12:42:10","date_gmt":"2025-06-19T12:42:10","guid":{"rendered":"https:\/\/www.europesays.com\/fr\/188424\/"},"modified":"2025-06-19T12:42:10","modified_gmt":"2025-06-19T12:42:10","slug":"comment-muse-fait-rager-les-metalleux-du-hellfest","status":"publish","type":"post","link":"https:\/\/www.europesays.com\/fr\/188424\/","title":{"rendered":"Comment Muse fait rager les m\u00e9talleux du Hellfest"},"content":{"rendered":"<p>              <a tabindex=\"-1\" title=\"Annick Chevillot\" href=\"https:\/\/www.letemps.ch\/profil\/annick-chevillot-berne\" target=\"_blank\" rel=\"noopener\"><\/p>\n<p>                    <img decoding=\"async\" src=\"https:\/\/www.europesays.com\/fr\/wp-content\/uploads\/2025\/06\/1750336930_942_small.jpeg\" class=\"lazy\" alt=\"\"\/><\/p>\n<p><\/a>        <\/p>\n<p>    Publi\u00e9 le 19 juin 2025 \u00e0 12:16. \/ Modifi\u00e9 le 19 juin 2025 \u00e0 14:31.<\/p>\n<p> 2 min. de lecture<\/p>\n<p>Quand on s\u2019appelle \u00abfestival des musiques extr\u00eames\u00bb, programmer le groupe de pop-rock British Muse pr\u00eate \u00e0 sourire. Et pour les m\u00e9talleux, cette t\u00eate d\u2019affiche n\u2019a rien de sympathique. Bien au contraire. Les 240\u00a0000\u00a0festivaliers attendus d\u00e8s ce jeudi et jusqu\u2019\u00e0 dimanche \u00e0 Clisson acceptent de d\u00e9bourser quelque 350\u00a0euros pour voir du metal, et rien que du metal.<\/p>\n<p>La sp\u00e9cificit\u00e9 du Hellfest tient \u00e0 ses particularit\u00e9s, patiemment construites depuis 2006. Y sont programm\u00e9s des artistes sulfureux, des growleurs (chant guttural) et toute la palette du hard rock au heavy metal, en passant par le nu et le death metal, avec quelques d\u00e9tours sur la sc\u00e8ne punk. Le patron du festival, Ben Barbaud, avait assur\u00e9 en 2017 que le Hellfest resterait ce lieu de rencontre des musiques qui ne trouvent pas leur place ailleurs. Lors de la conf\u00e9rence de presse de cl\u00f4ture de cette \u00e9dition-l\u00e0, il avait tenu des propos qui avaient valeur de promesse pour les fans: \u00abOn m\u2019a demand\u00e9 si Muse, Foo Fighters ou encore Coldplay allaient venir. Nous n\u2019irons jamais jusque-l\u00e0.\u00bb\u00a0Sauf que Foo Fighters est apparu sur sc\u00e8ne l\u2019an dernier et que Muse occupe une des deux sc\u00e8nes principales ce week-end.<\/p>\n","protected":false},"excerpt":{"rendered":"Publi\u00e9 le 19 juin 2025 \u00e0 12:16. \/ Modifi\u00e9 le 19 juin 2025 \u00e0 14:31. 2 min. de&hellip;\n","protected":false},"author":2,"featured_media":188425,"comment_status":"","ping_status":"","sticky":false,"template":"","format":"standard","meta":{"footnotes":""},"categories":[1355],"tags":[58,59,1011,27,1361,873,301,7040],"class_list":{"0":"post-188424","1":"post","2":"type-post","3":"status-publish","4":"format-standard","5":"has-post-thumbnail","7":"category-musique","8":"tag-divertissement","9":"tag-entertainment","10":"tag-fr","11":"tag-france","12":"tag-music","13":"tag-musique","14":"tag-premium","15":"tag-rock"},"share_on_mastodon":{"url":"https:\/\/pubeurope.com\/@fr\/114710088748135427","error":""},"_links":{"self":[{"href":"https:\/\/www.europesays.com\/fr\/wp-json\/wp\/v2\/posts\/188424","targetHints":{"allow":["GET"]}}],"collection":[{"href":"https:\/\/www.europesays.com\/fr\/wp-json\/wp\/v2\/posts"}],"about":[{"href":"https:\/\/www.europesays.com\/fr\/wp-json\/wp\/v2\/types\/post"}],"author":[{"embeddable":true,"href":"https:\/\/www.europesays.com\/fr\/wp-json\/wp\/v2\/users\/2"}],"replies":[{"embeddable":true,"href":"https:\/\/www.europesays.com\/fr\/wp-json\/wp\/v2\/comments?post=188424"}],"version-history":[{"count":0,"href":"https:\/\/www.europesays.com\/fr\/wp-json\/wp\/v2\/posts\/188424\/revisions"}],"wp:featuredmedia":[{"embeddable":true,"href":"https:\/\/www.europesays.com\/fr\/wp-json\/wp\/v2\/media\/188425"}],"wp:attachment":[{"href":"https:\/\/www.europesays.com\/fr\/wp-json\/wp\/v2\/media?parent=188424"}],"wp:term":[{"taxonomy":"category","embeddable":true,"href":"https:\/\/www.europesays.com\/fr\/wp-json\/wp\/v2\/categories?post=188424"},{"taxonomy":"post_tag","embeddable":true,"href":"https:\/\/www.europesays.com\/fr\/wp-json\/wp\/v2\/tags?post=188424"}],"curies":[{"name":"wp","href":"https:\/\/api.w.org\/{rel}","templated":true}]}}