{"id":188428,"date":"2025-06-19T12:44:10","date_gmt":"2025-06-19T12:44:10","guid":{"rendered":"https:\/\/www.europesays.com\/fr\/188428\/"},"modified":"2025-06-19T12:44:10","modified_gmt":"2025-06-19T12:44:10","slug":"nouvelle-drogue-du-pauvre-lanti-epileptique-pregabaline-sous-surveillance-actualites","status":"publish","type":"post","link":"https:\/\/www.europesays.com\/fr\/188428\/","title":{"rendered":"Nouvelle \u00ab\u00a0drogue du pauvre\u00a0\u00bb, l&rsquo;anti-\u00e9pileptique pr\u00e9gabaline sous surveillance : Actualit\u00e9s"},"content":{"rendered":"<p class=\"lead \">Commercialis\u00e9 sous le nom de Lyrica depuis 20 ans en France, un anti-\u00e9pileptique, la pr\u00e9gabaline, est depuis quelques ann\u00e9es d\u00e9tourn\u00e9 en drogue de rue ou r\u00e9cr\u00e9ative, suscitant une surveillance accrue de la part des autorit\u00e9s sanitaires et des douanes.<\/p>\n<p class=\"lead \">Les douanes fran\u00e7aises ont annonc\u00e9 mi-avril une importante saisie \u00e0 Paris: 30.000 doses de pr\u00e9gabaline, ajout\u00e9es \u00e0 des centaines de kilos de tabac et des milliers d&rsquo;articles contrefaits. <\/p>\n<p class=\"lead \">\u00ab\u00a0Nous avons constat\u00e9 une recrudescence des saisies en 2023, et depuis, ce ph\u00e9nom\u00e8ne s&rsquo;est install\u00e9\u00a0\u00bb, explique \u00e0 l&rsquo;AFP Corinne Cl\u00e9ostrate, sous-directrice des affaires juridiques et de la lutte contre la fraude \u00e0 la Direction g\u00e9n\u00e9rale des douanes.<\/p>\n<p class=\"lead \">La pr\u00e9gabaline, surnomm\u00e9e \u00ab\u00a0la drogue du pauvre\u00a0\u00bb, est principalement vendue \u00e0 la sauvette dans les rues des quartiers populaires de Paris et Marseille, et est devenue une alternative accessible aux drogues plus ch\u00e8res, comme la coca\u00efne. <\/p>\n<p class=\"lead \">\u00ab\u00a0C&rsquo;est vraiment un ph\u00e9nom\u00e8ne de rue qui s&rsquo;est accentu\u00e9 ces derniers mois\u00a0\u00bb, r\u00e9sume Corinne Cl\u00e9ostrate. <\/p>\n<p class=\"lead \">Avec les fausses ordonnances, le march\u00e9 noir ou les commandes en ligne, \u00ab\u00a0le Lyrica serait devenu le m\u00e9dicament le plus accessible sur le march\u00e9 de rue, vendu entre 1 et 3 euros la g\u00e9lule\u00a0\u00bb, contre environ 66 euros le gramme pour la coca\u00efne, affirme le docteur Dorian Rollet, m\u00e9decin addictologue.<\/p>\n<p class=\"lead \">&#8211; \u00ab\u00a0Pour oublier\u00a0\u00bb &#8211;<\/p>\n<p class=\"lead \">Initialement prescrit contre l&rsquo;\u00e9pilepsie ou le trouble anxieux g\u00e9n\u00e9ralis\u00e9, l&rsquo;usage de ce m\u00e9dicament est d\u00e9tourn\u00e9 pour ses effets anxiolytiques et analg\u00e9siques, \u00ab\u00a0mais \u00e9galement d&rsquo;euphorie, de d\u00e9fonce et de psychostimulation\u00a0\u00bb, poursuit le Dr Rollet. <\/p>\n<p class=\"lead \">Pour ce qui est des consommateurs, \u00ab\u00a0ce sont beaucoup de jeunes adolescents en situation migratoire ou de jeunes adultes qui en consomment. +C&rsquo;est pour oublier+, nous disent-ils, leur parcours migratoire, les difficult\u00e9s\u00a0\u00bb, raconte \u00e0 l&rsquo;AFP le docteur Laur\u00e8ne Dufayet, m\u00e9decin l\u00e9giste et toxicologue \u00e0 l&rsquo;unit\u00e9 m\u00e9dico-judiciaire de l&rsquo;H\u00f4tel-Dieu \u00e0 Paris. <\/p>\n<p class=\"lead \">Selon l&rsquo;Agence nationale de s\u00e9curit\u00e9 du m\u00e9dicament (ANSM), les cas d&rsquo;abus et\/ou de d\u00e9pendance sont rapport\u00e9s \u00ab\u00a0majoritairement chez des hommes (82%) avec une part importante de mineurs (25%)\u00a0\u00bb. <\/p>\n<p class=\"lead \">Cette substance peut \u00e9galement \u00eatre coupl\u00e9e \u00e0 des drogues comme la MDMA ou la coca\u00efne afin d&rsquo;augmenter leurs effets, explique la toxicologue.<\/p>\n<p class=\"lead \">\u00ab\u00a0Le risque d&rsquo;overdose avec la pr\u00e9gabaline seule est faible. Par contre, il y a un risque d&rsquo;overdose (&#8230;) et d&rsquo;arr\u00eat respiratoire lorsque d&rsquo;autres drogues, ou de l&rsquo;alcool, sont consomm\u00e9es en m\u00eame temps\u00a0\u00bb, alerte le Dr Dufayet.<\/p>\n<p class=\"lead \">\u00ab\u00a0Par ailleurs, c&rsquo;est un m\u00e9dicament qui agit sur le syst\u00e8me nerveux central donc il y a un risque de devenir d\u00e9pendant au m\u00e9dicament\u00a0\u00bb, ajoute-t-elle, soulignant l&rsquo;importance de la pr\u00e9vention dans ce domaine.<\/p>\n<p class=\"lead \">Pour lutter contre le m\u00e9susage de la pr\u00e9gabaline et la falsification d&rsquo;ordonnances en augmentation, l&rsquo;ANSM a d\u00e9cid\u00e9 en 2021 de renforcer les conditions de prescription. Elle est d\u00e9sormais limit\u00e9e \u00e0 six mois et n\u00e9cessite une ordonnance s\u00e9curis\u00e9e, plus difficilement falsifiable.<\/p>\n<p class=\"lead \">Mais malgr\u00e9 la modification des conditions de prescription, l&rsquo;augmentation du nombre de cas rapport\u00e9s d&rsquo;abus, de d\u00e9pendance ou de complications cliniques li\u00e9es au m\u00e9susage se poursuit, signale l&rsquo;ANSM \u00e0 l&rsquo;AFP. <\/p>\n<p class=\"lead \">Pour Corinne Cl\u00e9ostrate, \u00ab\u00a0le trafic vient donc d&rsquo;ailleurs\u00a0\u00bb, cheminant via le fret express et postal. \u00ab\u00a0On trouve des g\u00e9lules de pr\u00e9gabaline dans des colis command\u00e9s en ligne sur le darknet\u00a0\u00bb ainsi que sur les routes, \u00ab\u00a0notamment en provenance du nord de l&rsquo;Europe\u00a0\u00bb.<\/p>\n<p class=\"lead \">Fin janvier, \u00e0 l&rsquo;a\u00e9roport de Beauvais (Oise), les douanes ont d\u00e9couvert plus de 13.000 comprim\u00e9s de pr\u00e9gabaline d\u00e9tenus par un voyageur en provenance de Gr\u00e8ce.<\/p>\n<p class=\"lead \">Un an plus t\u00f4t, l&rsquo;Office national antifraude (Onaf) avait d\u00e9mantel\u00e9 un trafic \u00e0 la suite d&rsquo;une autre saisie sur une passag\u00e8re venant \u00e9galement de Gr\u00e8ce. L&rsquo;enqu\u00eate avait mis au jour un r\u00e9seau acheminant 300.000 comprim\u00e9s vers Marseille, g\u00e9n\u00e9rant 600.000 euros de chiffres d&rsquo;affaires.<\/p>\n<p class=\"lead \">Toutefois, cela ne signifie pas que le m\u00e9dicament est de fabrication grecque: il peut \u00eatre fabriqu\u00e9 en Chine, en Bulgarie, en Pologne ou encore en Allemagne, explique Corinne Cl\u00e9ostrate.<\/p>\n<p class=\"small font-weight-bold text-gray3 \"> publi\u00e9 le 19 juin \u00e0 13h13, AFP<\/p>\n<p>                             Partager<\/p>\n","protected":false},"excerpt":{"rendered":"Commercialis\u00e9 sous le nom de Lyrica depuis 20 ans en France, un anti-\u00e9pileptique, la pr\u00e9gabaline, est depuis quelques&hellip;\n","protected":false},"author":2,"featured_media":188429,"comment_status":"","ping_status":"","sticky":false,"template":"","format":"standard","meta":{"footnotes":""},"categories":[10],"tags":[3992,1769,1011,27,72,20709,585,71],"class_list":{"0":"post-188428","1":"post","2":"type-post","3":"status-publish","4":"format-standard","5":"has-post-thumbnail","7":"category-sante","8":"tag-drogues","9":"tag-enqute","10":"tag-fr","11":"tag-france","12":"tag-health","13":"tag-mdicaments","14":"tag-sant","15":"tag-sante"},"share_on_mastodon":{"url":"https:\/\/pubeurope.com\/@fr\/114710096344796784","error":""},"_links":{"self":[{"href":"https:\/\/www.europesays.com\/fr\/wp-json\/wp\/v2\/posts\/188428","targetHints":{"allow":["GET"]}}],"collection":[{"href":"https:\/\/www.europesays.com\/fr\/wp-json\/wp\/v2\/posts"}],"about":[{"href":"https:\/\/www.europesays.com\/fr\/wp-json\/wp\/v2\/types\/post"}],"author":[{"embeddable":true,"href":"https:\/\/www.europesays.com\/fr\/wp-json\/wp\/v2\/users\/2"}],"replies":[{"embeddable":true,"href":"https:\/\/www.europesays.com\/fr\/wp-json\/wp\/v2\/comments?post=188428"}],"version-history":[{"count":0,"href":"https:\/\/www.europesays.com\/fr\/wp-json\/wp\/v2\/posts\/188428\/revisions"}],"wp:featuredmedia":[{"embeddable":true,"href":"https:\/\/www.europesays.com\/fr\/wp-json\/wp\/v2\/media\/188429"}],"wp:attachment":[{"href":"https:\/\/www.europesays.com\/fr\/wp-json\/wp\/v2\/media?parent=188428"}],"wp:term":[{"taxonomy":"category","embeddable":true,"href":"https:\/\/www.europesays.com\/fr\/wp-json\/wp\/v2\/categories?post=188428"},{"taxonomy":"post_tag","embeddable":true,"href":"https:\/\/www.europesays.com\/fr\/wp-json\/wp\/v2\/tags?post=188428"}],"curies":[{"name":"wp","href":"https:\/\/api.w.org\/{rel}","templated":true}]}}