{"id":188434,"date":"2025-06-19T12:47:14","date_gmt":"2025-06-19T12:47:14","guid":{"rendered":"https:\/\/www.europesays.com\/fr\/188434\/"},"modified":"2025-06-19T12:47:14","modified_gmt":"2025-06-19T12:47:14","slug":"cette-sonnette-dotee-dune-double-camera-a-45-est-ideale-pour-renforcer-la-securite-sur-le-pas-de-votre-porte","status":"publish","type":"post","link":"https:\/\/www.europesays.com\/fr\/188434\/","title":{"rendered":"Cette sonnette dot\u00e9e d\u2019une double cam\u00e9ra \u00e0 -45 % est id\u00e9ale pour renforcer la s\u00e9curit\u00e9 sur le pas de votre porte\u00a0"},"content":{"rendered":"<p>\u00c0 c\u00f4t\u00e9 des cam\u00e9ras de surveillances, on a aussi les sonnettes qui sont tr\u00e8s utiles pour voir ce qui se passe sur le pas de votre porte. Si vous en voulez une, la eufy Security Vid\u00e9o Doorbell S330 a l\u2019avantage de s\u2019\u00e9quiper d\u2019une double cam\u00e9ra et de profiter de 45 % de remise. <\/p>\n<p><a target=\"_blank\" href=\"https:\/\/images.frandroid.com\/wp-content\/uploads\/2025\/06\/eufy-security-video-doorbell-s330-1.jpg\" class=\"article-content__figure\" rel=\"noopener\"><img fetchpriority=\"high\" decoding=\"async\" loading=\"eager\" width=\"1200\" height=\"675\" src=\"https:\/\/www.europesays.com\/fr\/wp-content\/uploads\/2025\/06\/eufy-security-video-doorbell-s330-1.jpg\" alt=\"\" class=\"wp-image-2652787 wp-image wp-image\"  \/><\/a>eufy Security Vid\u00e9o Doorbell S330 \/\/ Source : site officiel<\/p>\n<p>Le fabricant <a href=\"https:\/\/www.frandroid.com\/guide-dachat\/guide-objets-connectes\" target=\"_blank\" rel=\"noopener\">d\u2019objets connect\u00e9s<\/a> eufy Security, filiale de Anker, compte un bon nombre de produits pour surveiller son domicile. La Vid\u00e9o Doorbell S330 est une sonnette connect\u00e9e qui permet non seulement d\u2019\u00e9changer avec ses visiteurs, de voir qui se tient devant sa porte, mais aussi d\u2019\u00eatre notifi\u00e9 d\u00e8s qu\u2019un mouvement est d\u00e9tect\u00e9 pr\u00e8s du logement.\u00a0Sa particularit\u00e9 ? Elle s\u2019\u00e9quipe de deux cam\u00e9ras pour offrir une vision plus large. Si ce mod\u00e8le vous int\u00e9resse, <a href=\"https:\/\/shop.frandroid.com\/rr0x3ivl\" target=\"_blank\" rel=\"noreferrer noopener affiliate nofollow\" data-gtm=\"{&quot;event&quot;:&quot;afficlic&quot;,&quot;nom_marchand&quot;:&quot;amazon_fr&quot;,&quot;nom_produit&quot;:&quot;inconnu&quot;,&quot;categorie_produit&quot;:&quot;inconnu&quot;,&quot;module_produit&quot;:&quot;editolink&quot;,&quot;position_marchand&quot;:0,&quot;texte&quot;:&quot;sachez-qu-elle-profite-de-45-de-remise-sur-amazon&quot;,&quot;offer_url&quot;:&quot;https:\/\/shop.frandroid.com\/rr0x3ivl&quot;,&quot;zone&quot;:&quot;contenu-page&quot;}\">sachez qu\u2019elle profite de 45 % de remise sur Amazon<\/a>. <\/p>\n<p>La eufy Security Vid\u00e9o Doorbell S330, c\u2019est quoi ?<\/p>\n<ul class=\"wp-block-list\">\n<li>Une sonnette \u00e9quip\u00e9e d\u2019une double cam\u00e9ra <\/li>\n<li>Des images en 2K, un mode nuit, d\u00e9tection de mouvements<\/li>\n<li>Une autonomie de 6 mois <\/li>\n<\/ul>\n<p>Jusqu\u2019ici vendue \u00e0 199 euros, la eufy Security Vid\u00e9o Doorbell S330 se trouve en ce moment <a href=\"https:\/\/shop.frandroid.com\/rr0x3ivl\" target=\"_blank\" rel=\"noreferrer noopener affiliate nofollow\" data-gtm=\"{&quot;event&quot;:&quot;afficlic&quot;,&quot;nom_marchand&quot;:&quot;amazon_fr&quot;,&quot;nom_produit&quot;:&quot;inconnu&quot;,&quot;categorie_produit&quot;:&quot;inconnu&quot;,&quot;module_produit&quot;:&quot;editolink&quot;,&quot;position_marchand&quot;:0,&quot;texte&quot;:&quot;en-promotion-a-109-99-euros-sur-amazon&quot;,&quot;offer_url&quot;:&quot;https:\/\/shop.frandroid.com\/rr0x3ivl&quot;,&quot;zone&quot;:&quot;contenu-page&quot;}\">en promotion \u00e0 109,99 euros sur Amazon<\/a>. <\/p>\n<p>Une sonnette qui ne laisse rien passer <\/p>\n<p>            <img decoding=\"async\" width=\"1200\" height=\"446\" loading=\"lazy\" alt=\"Box Bluetti Apex 300 copie\" title=\"Box Bluetti Apex 300 copie\" class=\"is-radiusless placeholder-default wp-image\" src=\"https:\/\/www.europesays.com\/fr\/wp-content\/uploads\/2025\/06\/box-bluetti-apex-300-copie-1200x446.jpg\" \/>        <\/p>\n<p>\n                La station \u00e9lectrique Apex 300 \u00e0 moiti\u00e9 prix !            <\/p>\n<p class=\"has-text-weight-medium is-size-6 is-line-height-normal\">\n                Voici la nouvelle station \u00e9lectrique portable de Bluetti : l\u2019Apex 300. Pour le camping, les coupures \u00e9lectriques ou la vie hors r\u00e9seau : elle peut alimenter tous les appareils !            <\/p>\n<p>La eufy Security Vid\u00e9o Doorbell S330 semble ordinaire comme sonnette connect\u00e9e, et pourtant elle a bien une particularit\u00e9 qui l\u2019a distingue de la concurrence. Elle s\u2019\u00e9quipe non pas d\u2019une cam\u00e9ra mais bel et bien de deux, l\u2019une se trouvant sur le haut de l\u2019appareil, l\u2019autre sur le bas. Une mani\u00e8re d\u2019avoir une vision plus \u00e9tendu du pas de votre porte, notamment pour filmer des colis pos\u00e9s au sol, par exemple.<\/p>\n<p>En revanche, elles ne profitent pas de la m\u00eame d\u00e9finition. La premi\u00e8re cam\u00e9ra est capable de filmer en 2K et d\u00e9livre une belle nettet\u00e9 sur les images. L\u2019autre cam\u00e9ra orient\u00e9e vers le bas se contente d\u2019une d\u00e9finition en 1080p avec un champ de vision de 97\u00b0. Les images restent exploitables en journ\u00e9e. On peut aussi profiter d\u2019une vision nocturne qui permet d\u2019observer ce qu\u2019il se passe devant notre porte sur une distance de 5 \u00e0 7 m\u00e8tres. On gagne en nettet\u00e9 si la zone est \u00e9clair\u00e9e. <\/p>\n<p>Facile \u00e0 installer et pratique <\/p>\n<p>Concernant son installation, elle peut \u00eatre install\u00e9e \u00e0 l\u2019ext\u00e9rieur de deux mani\u00e8res diff\u00e9rentes. Vous pouvez l\u2019installer en mode sans fil, gr\u00e2ce \u00e0 sa batterie rechargeable, ou alors la raccorder aux fils de votre sonnette existants, ce qui permet de ne pas avoir \u00e0 la recharger. La marque promet jusqu\u2019\u00e0 180 jours d\u2019autonomie, mais dans les conditions suivantes :  une temp\u00e9rature de 20 \u00b0C, 10 d\u00e9tections de mouvement par jour et 20 secondes de vid\u00e9os \u00e0 chaque fois qu\u2019un mouvement \u00e9tait d\u00e9tect\u00e9. Vous l\u2019aurez compris, la batterie varie en fonction de son utilisation. <\/p>\n<p>Bien s\u00fbr, la sonnette est capable de vous alerter en temps r\u00e9el, avec des notifications, d\u00e8s que quelqu\u2019un se pr\u00e9sente \u00e0 votre porte gr\u00e2ce \u00e0 sa capacit\u00e9 \u00e0 d\u00e9tecter les mouvements. Il est bien \u00e9videmment possible de voir en direct le flux vid\u00e9o depuis votre t\u00e9l\u00e9phone et d\u2019\u00e9couter ce qu\u2019il se passe chez vous, o\u00f9 que vous soyez, et cela sans frais suppl\u00e9mentaires. <\/p>\n<p>Envie de s\u00e9curit\u00e9 tout votre domicile ? Nous vous invitons \u00e0 lire <a href=\"https:\/\/www.frandroid.com\/guide-dachat\/guide-dachat-maison-connectee\/718936_guide-cameras-de-securite\" target=\"_blank\" rel=\"noopener\">notre guide sur les meilleures cam\u00e9ras de surveillances du moment.<\/a><\/p>\n","protected":false},"excerpt":{"rendered":"\u00c0 c\u00f4t\u00e9 des cam\u00e9ras de surveillances, on a aussi les sonnettes qui sont tr\u00e8s utiles pour voir ce&hellip;\n","protected":false},"author":2,"featured_media":188435,"comment_status":"","ping_status":"","sticky":false,"template":"","format":"standard","meta":{"footnotes":""},"categories":[7],"tags":[201,18832,1011,27,43,40,41,39,42,44],"class_list":{"0":"post-188434","1":"post","2":"type-post","3":"status-publish","4":"format-standard","5":"has-post-thumbnail","7":"category-sciences-et-technologies","8":"tag-bons-plans-amazon","9":"tag-eufy","10":"tag-fr","11":"tag-france","12":"tag-science","13":"tag-science-and-technology","14":"tag-sciences","15":"tag-sciences-et-technologies","16":"tag-technologies","17":"tag-technology"},"share_on_mastodon":{"url":"https:\/\/pubeurope.com\/@fr\/114710108306067854","error":""},"_links":{"self":[{"href":"https:\/\/www.europesays.com\/fr\/wp-json\/wp\/v2\/posts\/188434","targetHints":{"allow":["GET"]}}],"collection":[{"href":"https:\/\/www.europesays.com\/fr\/wp-json\/wp\/v2\/posts"}],"about":[{"href":"https:\/\/www.europesays.com\/fr\/wp-json\/wp\/v2\/types\/post"}],"author":[{"embeddable":true,"href":"https:\/\/www.europesays.com\/fr\/wp-json\/wp\/v2\/users\/2"}],"replies":[{"embeddable":true,"href":"https:\/\/www.europesays.com\/fr\/wp-json\/wp\/v2\/comments?post=188434"}],"version-history":[{"count":0,"href":"https:\/\/www.europesays.com\/fr\/wp-json\/wp\/v2\/posts\/188434\/revisions"}],"wp:featuredmedia":[{"embeddable":true,"href":"https:\/\/www.europesays.com\/fr\/wp-json\/wp\/v2\/media\/188435"}],"wp:attachment":[{"href":"https:\/\/www.europesays.com\/fr\/wp-json\/wp\/v2\/media?parent=188434"}],"wp:term":[{"taxonomy":"category","embeddable":true,"href":"https:\/\/www.europesays.com\/fr\/wp-json\/wp\/v2\/categories?post=188434"},{"taxonomy":"post_tag","embeddable":true,"href":"https:\/\/www.europesays.com\/fr\/wp-json\/wp\/v2\/tags?post=188434"}],"curies":[{"name":"wp","href":"https:\/\/api.w.org\/{rel}","templated":true}]}}