{"id":188436,"date":"2025-06-19T12:48:10","date_gmt":"2025-06-19T12:48:10","guid":{"rendered":"https:\/\/www.europesays.com\/fr\/188436\/"},"modified":"2025-06-19T12:48:10","modified_gmt":"2025-06-19T12:48:10","slug":"cest-le-genre-de-gars-qui-tue-le-commerce-les-millions-deuros-dimpayes-du-patron-du-bhv-mediapart","status":"publish","type":"post","link":"https:\/\/www.europesays.com\/fr\/188436\/","title":{"rendered":"\u00ab C\u2019est le genre de gars qui tue le commerce \u00bb : les millions d\u2019euros d\u2019impay\u00e9s du patron du BHV &#8211; Mediapart"},"content":{"rendered":"<ol>\n<li><a href=\"https:\/\/news.google.com\/rss\/articles\/CBMi4wFBVV95cUxOZm5Kay1abEx6bVhnVUJRa3RjU0k0cGwwSmRPeGlSaUJnZFpZNWRRd1NyNkZmel9WXzFfS1dfZkFwei1mZ3UxaWs1dGZMejF2dzE2ZkU2dUt2Wkp2TEdwQ09mck1LYWV5YzU2bGVKaEFCdWw2bHhCSURCbVhoOThab3ZqZk83ZGx6a2k4NjNDRE94RnJLeUxVZ29sT2RVWXFJMGdOUmZQTFVybDBTUk9yUnc4VDdGWEhIdzJxdlRzWUJJUjNwWDNLS3VqMXE3Skk1amlzaTl4RHVZWW1mNzJnSTIwWQ?oc=5\" target=\"_blank\" rel=\"nofollow noopener\">\u00ab C\u2019est le genre de gars qui tue le commerce \u00bb : les millions d\u2019euros d\u2019impay\u00e9s du patron du BHV<\/a>&nbsp;&nbsp;Mediapart<\/li>\n<li><a href=\"https:\/\/news.google.com\/rss\/articles\/CBMi_gFBVV95cUxOTFMxbXBnSUZMaFllcnJ0UE9ENldJcHNTVGdOOEpXaUJWX21YUjlLbFZvQks2SGl4ZHBiNFZQZnZsVEUxTUZRanZXT2lpaEYxeUtpUjQzMGJKR2tLcEp6TXBVNU9MN28xdTZnTDFxbDZZVEktalZ3dEM0Vkg5MFpyRlQ5M2VZSFBkUHRpWXByLTdIbGpTMmtSNWJzRm1yUl9EX25LV08zTUFqS2hLV05LSjlnVkppSzRqRi1BWlI5blBMaFFpUnllLWZnV1k2X3dYelpfRFZ1aDViMEVhYnNYNmgwX3RhbDIzQXd0MVlDcjRmU2o3WW9mQjRtQi1DQQ?oc=5\" target=\"_blank\" rel=\"nofollow noopener\">\u00ab A tous les \u00e9tages, des rayons sont vides \u00bb : dans les coulisses du BHV, la r\u00e9volte des fournisseurs gronde<\/a>&nbsp;&nbsp;Challenges<\/li>\n<li><a href=\"https:\/\/news.google.com\/rss\/articles\/CBMivwFBVV95cUxNRFZFcTRGZURMY2xmQlBfM2FyX1Q2Z1ZacU9TU2M2cVd0elVqQThRSFV0bGtWOGlqNzVsZGg2bGN4RGl1aWZmUk5mREpQa215cDNIM205NXY1M0p5T29TTHREc0pqa1ZWNlBqYndhd1owb0RXRVczTlMxSzNnV2tDWGh0REtlamgtQ3kyX2VJSHNrVkFpTU9wLWEySmV5empuQnlWVnoyMklMaE5ZWl9XRlgtb2w2S2ZyTjBkdlNZVQ?oc=5\" target=\"_blank\" rel=\"nofollow noopener\">La Caisse des D\u00e9p\u00f4ts pr\u00eate \u00e0 aider \u00e0 racheter les murs du BHV<\/a>&nbsp;&nbsp;Les Echos<\/li>\n<li><a href=\"https:\/\/news.google.com\/rss\/articles\/CBMiowFBVV95cUxNcW1hNkI2ZnF0ZzZSN21mcVhDT0tiYmZsbzZldmUzeFJ3bWRkOE5OSXo0a0VFTnhvcGlNUFNhWmRWTWhlVldyMkgxTXBwYVJzQ2NoZGlHYlc5M2FGQ3pscktZN2lrVGo3QlBLSjlhWHpHWWVXeGtZUnNlcXpVNWprNEpKYjh4QjZxTEowRkUtazJ0UHZZYzlrczZIMUVhVzJndFdN?oc=5\" target=\"_blank\" rel=\"nofollow noopener\">\u00ab\u00a0On a l&rsquo;impression de voir un magasin d&rsquo;apr\u00e8s-guerre\u00a0\u00bb : au BHV, fournisseurs et salari\u00e9s inquiets<\/a>&nbsp;&nbsp;Radio France<\/li>\n<li><a href=\"https:\/\/news.google.com\/rss\/articles\/CBMiqwFBVV95cUxORFlDbE1xYVpBSm03Z0haaTBDX3lTejFSNnVCcTUyaFZ1QzdMZXZJZ2psTHVpZ2dxUVpRbGJyRGdkUmtvd2ZFa2RFLThwM2JLanlyMnZLd3REcGktOEFsQlFmdUpBd3U3dnhiM3pGVkxsV01PT19lQmFoWWl1M0dlbl9qMWdKQTVNaFJlb2hldktyZDlLc2FLMV8xaVM5VjFtemtIVklWeERIb2M?oc=5\" target=\"_blank\" rel=\"nofollow noopener\">La Banque des Territoires va acqu\u00e9rir les murs du BHV Marais avec SGM<\/a>&nbsp;&nbsp;Groupe Caisse des D\u00e9p\u00f4ts<\/li>\n<\/ol>\n","protected":false},"excerpt":{"rendered":"\u00ab C\u2019est le genre de gars qui tue le commerce \u00bb : les millions d\u2019euros d\u2019impay\u00e9s du patron&hellip;\n","protected":false},"author":2,"featured_media":188437,"comment_status":"","ping_status":"","sticky":false,"template":"","format":"standard","meta":{"footnotes":""},"categories":[6],"tags":[4753,35,33,34,313,1011,27,32626],"class_list":{"0":"post-188436","1":"post","2":"type-post","3":"status-publish","4":"format-standard","5":"has-post-thumbnail","7":"category-economie","8":"tag-bhv","9":"tag-business","10":"tag-economie","11":"tag-economy","12":"tag-entreprises","13":"tag-fr","14":"tag-france","15":"tag-frederic-merlin"},"share_on_mastodon":{"url":"https:\/\/pubeurope.com\/@fr\/114710112612426684","error":""},"_links":{"self":[{"href":"https:\/\/www.europesays.com\/fr\/wp-json\/wp\/v2\/posts\/188436","targetHints":{"allow":["GET"]}}],"collection":[{"href":"https:\/\/www.europesays.com\/fr\/wp-json\/wp\/v2\/posts"}],"about":[{"href":"https:\/\/www.europesays.com\/fr\/wp-json\/wp\/v2\/types\/post"}],"author":[{"embeddable":true,"href":"https:\/\/www.europesays.com\/fr\/wp-json\/wp\/v2\/users\/2"}],"replies":[{"embeddable":true,"href":"https:\/\/www.europesays.com\/fr\/wp-json\/wp\/v2\/comments?post=188436"}],"version-history":[{"count":0,"href":"https:\/\/www.europesays.com\/fr\/wp-json\/wp\/v2\/posts\/188436\/revisions"}],"wp:featuredmedia":[{"embeddable":true,"href":"https:\/\/www.europesays.com\/fr\/wp-json\/wp\/v2\/media\/188437"}],"wp:attachment":[{"href":"https:\/\/www.europesays.com\/fr\/wp-json\/wp\/v2\/media?parent=188436"}],"wp:term":[{"taxonomy":"category","embeddable":true,"href":"https:\/\/www.europesays.com\/fr\/wp-json\/wp\/v2\/categories?post=188436"},{"taxonomy":"post_tag","embeddable":true,"href":"https:\/\/www.europesays.com\/fr\/wp-json\/wp\/v2\/tags?post=188436"}],"curies":[{"name":"wp","href":"https:\/\/api.w.org\/{rel}","templated":true}]}}