{"id":188440,"date":"2025-06-19T12:50:16","date_gmt":"2025-06-19T12:50:16","guid":{"rendered":"https:\/\/www.europesays.com\/fr\/188440\/"},"modified":"2025-06-19T12:50:16","modified_gmt":"2025-06-19T12:50:16","slug":"la-grand-tante-du-petit-garcon-reaffirme-sa-totale-innocence","status":"publish","type":"post","link":"https:\/\/www.europesays.com\/fr\/188440\/","title":{"rendered":"la grand-tante du petit gar\u00e7on r\u00e9affirme sa \u00abtotale innocence\u00bb"},"content":{"rendered":"<p>Jacqueline Jacob, 80 ans, sera interrog\u00e9e dans les prochains mois en vue d\u2019une possible mise en examen pour \u00abassociation de malfaiteurs criminelle\u00bb.<\/p>\n<p class=\"fig-paragraph\">La grand-tante du petit\u00a0<a href=\"https:\/\/www.lefigaro.fr\/tag\/affaire-gregory\" target=\"_blank\" rel=\"noopener\" data-gtm-custom-categorie=\"navigation\" data-gtm-custom-action=\"crossclick\" data-gtm-custom-label=\"Contextuel\" data-gtm-event=\"customEventSPE\">Gr\u00e9gory Villemin<\/a>, qui doit \u00eatre convoqu\u00e9e devant la justice en vue d\u2019une\u00a0<a href=\"http:\/\/www.lefigaro.fr\/actualite-france\/affaire-du-petit-gregory-la-justice-ordonne-un-interrogatoire-de-sa-grand-tante-en-vue-d-une-possible-mise-en-examen-20250618\" data-fig-type=\"NewsFlash\" data-gtm-custom-categorie=\"navigation\" data-gtm-custom-action=\"crossclick\" data-gtm-custom-label=\"Contextuel\" data-gtm-event=\"customEventSPE\" data-fig-domain=\"LEFIGARO\" target=\"_blank\" rel=\"noopener\">possible mise en examen<\/a>\u00a040 ans apr\u00e8s le meurtre du gar\u00e7onnet, a r\u00e9affirm\u00e9 jeudi 19 juin 2025 \u00absa totale innocence\u00bb, selon un communiqu\u00e9 de ses avocats.<\/p>\n<p class=\"fig-paragraph\">Jacqueline Jacob, 80 ans, sera interrog\u00e9e dans les prochains mois en vue d\u2019une possible mise en examen pour \u00abassociation de malfaiteurs criminelle\u00bb dans cette affaire non-r\u00e9solue et embl\u00e9matique, avait annonc\u00e9 mercredi le procureur g\u00e9n\u00e9ral pr\u00e8s la cour d\u2019appel de Dijon, Philippe Astruc. Elle est soup\u00e7onn\u00e9e d\u2019avoir r\u00e9dig\u00e9 en 1983 une lettre du \u00abcorbeau\u00bb, mena\u00e7ante \u00e0 l\u2019adresse des parents de Gr\u00e9gory, tu\u00e9 en 1984 quand il avait 4 ans.<\/p>\n<p class=\"fig-paragraph\">Plus d\u2019informations \u00e0 venir&#8230;<\/p>\n","protected":false},"excerpt":{"rendered":"Jacqueline Jacob, 80 ans, sera interrog\u00e9e dans les prochains mois en vue d\u2019une possible mise en examen pour&hellip;\n","protected":false},"author":2,"featured_media":188441,"comment_status":"","ping_status":"","sticky":false,"template":"","format":"standard","meta":{"footnotes":""},"categories":[4],"tags":[119,11,32477,3694,271,2951,3695,3696,118,1011,27,2825,1253,303,12,1072,2694,25,2949,774],"class_list":{"0":"post-188440","1":"post","2":"type-post","3":"status-publish","4":"format-standard","5":"has-post-thumbnail","7":"category-france","8":"tag-accident","9":"tag-actualites","10":"tag-affaire-gregory","11":"tag-affaires","12":"tag-crime","13":"tag-criminalite","14":"tag-enquetes","15":"tag-evenements","16":"tag-faits-divers","17":"tag-fr","18":"tag-france","19":"tag-insecurite","20":"tag-islamisme","21":"tag-justice","22":"tag-news","23":"tag-police","24":"tag-proces","25":"tag-republique-francaise","26":"tag-violences","27":"tag-vosges"},"share_on_mastodon":{"url":"https:\/\/pubeurope.com\/@fr\/114710119977370849","error":""},"_links":{"self":[{"href":"https:\/\/www.europesays.com\/fr\/wp-json\/wp\/v2\/posts\/188440","targetHints":{"allow":["GET"]}}],"collection":[{"href":"https:\/\/www.europesays.com\/fr\/wp-json\/wp\/v2\/posts"}],"about":[{"href":"https:\/\/www.europesays.com\/fr\/wp-json\/wp\/v2\/types\/post"}],"author":[{"embeddable":true,"href":"https:\/\/www.europesays.com\/fr\/wp-json\/wp\/v2\/users\/2"}],"replies":[{"embeddable":true,"href":"https:\/\/www.europesays.com\/fr\/wp-json\/wp\/v2\/comments?post=188440"}],"version-history":[{"count":0,"href":"https:\/\/www.europesays.com\/fr\/wp-json\/wp\/v2\/posts\/188440\/revisions"}],"wp:featuredmedia":[{"embeddable":true,"href":"https:\/\/www.europesays.com\/fr\/wp-json\/wp\/v2\/media\/188441"}],"wp:attachment":[{"href":"https:\/\/www.europesays.com\/fr\/wp-json\/wp\/v2\/media?parent=188440"}],"wp:term":[{"taxonomy":"category","embeddable":true,"href":"https:\/\/www.europesays.com\/fr\/wp-json\/wp\/v2\/categories?post=188440"},{"taxonomy":"post_tag","embeddable":true,"href":"https:\/\/www.europesays.com\/fr\/wp-json\/wp\/v2\/tags?post=188440"}],"curies":[{"name":"wp","href":"https:\/\/api.w.org\/{rel}","templated":true}]}}