{"id":188444,"date":"2025-06-19T12:52:09","date_gmt":"2025-06-19T12:52:09","guid":{"rendered":"https:\/\/www.europesays.com\/fr\/188444\/"},"modified":"2025-06-19T12:52:09","modified_gmt":"2025-06-19T12:52:09","slug":"un-jeune-de-19-ans-fait-une-impressionnante-sortie-de-route","status":"publish","type":"post","link":"https:\/\/www.europesays.com\/fr\/188444\/","title":{"rendered":"Un jeune de 19 ans fait une impressionnante sortie de route"},"content":{"rendered":"<p>            Par<br \/>\n        <strong><br \/>\n            <a href=\"https:\/\/actu.fr\/auteur\/julien-sournies\" title=\"Consulter tous les articles de Julien Sournies\" target=\"_blank\" rel=\"noopener\">Julien Sournies<\/a><br \/>\n        <\/strong><\/p>\n<p>        Publi\u00e9 le<\/p>\n<p>            19 juin 2025 \u00e0 14h27        <\/p>\n<p>La sc\u00e8ne a certainement d\u00fb laisser bouche b\u00e9e les autres automobilistes.<\/p>\n<p class=\" wall-content\">Un jeune automobiliste de <strong>19\u00a0ans<\/strong>, qui circulait sur l\u2019A47 \u00e0 hauteur de Rive-de-Gier (<a href=\"https:\/\/actu.fr\/auvergne-rhone-alpes\/loire_42\" target=\"_blank\" rel=\"noopener\">Loire<\/a>), pr\u00e8s de <a href=\"https:\/\/actu.fr\/saint-etienne\/\" target=\"_blank\" rel=\"noopener\">Saint-Etienne<\/a>, a \u00e9t\u00e9 victime d\u2019une <strong>violente sortie de route<\/strong> ce mercredi 18\u00a0juin 2025 aux environs de 22h20.<\/p>\n<p>Une chute de 20\u00a0m\u00e8tres en contrebas de l\u2019autoroute<\/p>\n<p class=\" wall-content\">Selon les informations transmises par les sapeurs-pompiers, le jeune homme a fait une chute de pr\u00e8s de<strong> 20\u00a0m\u00e8tres<\/strong> en contrebas de l\u2019autoroute.<\/p>\n<p>    <a href=\"https:\/\/www.google.com\/maps\/embed?pb=!1m18!1m12!1m3!1d2230.59742123316!2d4.63537347527601!3d45.53795832851572!2m3!1f0!2f0!3f0!3m2!1i1024!2i768!4f13.1!3m3!1m2!1s0x47f4fd3ed116c433%3A0x36e0d6a9d20b4f2a!2sA47!5e1!3m2!1sfr!2sfr!4v1750335194431!5m2!1sfr!2sfr\" title=\"Ouvrie le lien\" target=\"_blank\" rel=\"noopener\">Cliquez ici pour visualiser le contenu<\/a><\/p>\n<p class=\" wall-content\">\u00c0 l\u2019arriv\u00e9e des secours, l\u2019automobiliste \u00e9tait dans un \u00e9tat <strong>inqui\u00e9tant<\/strong>. En ce sens, il a imm\u00e9diatement \u00e9t\u00e9 pris en charge et transport\u00e9 sur les urgences de l\u2019h\u00f4pital Nord de Saint-\u00c9tienne par le Samu et les pompiers.<\/p>\n<p>Vid\u00e9os : en ce moment sur Actu<\/p>\n<p class=\" wall-content\">En cons\u00e9quence, la sortie 11 a d\u00fb \u00eatre <strong>ferm\u00e9e \u00e0 la circulation<\/strong> lors de l\u2019intervention des secours.<\/p>\n<p class=\" wall-content\">Au total, cette intervention a mobilis\u00e9 13 pompiers sur place.<\/p>\n<p class=\" wall-content\">Suivez toute l\u2019actualit\u00e9 de vos villes et m\u00e9dias favoris en vous inscrivant \u00e0 <a href=\"https:\/\/moncompte.actu.fr\" title=\"D\u00e9couvez Mon Actu\" rel=\"nofollow noopener\" data-trk=\"{&quot;cta&quot;:{&quot;action&quot;:&quot;https:\\\/\\\/moncompte.actu.fr&quot;,&quot;category&quot;:&quot;mon compte&quot;,&quot;from&quot;:&quot;article footer&quot;,&quot;name&quot;:&quot;Mon actu&quot;,&quot;type&quot;:&quot;cta&quot;}}\" target=\"_blank\">Mon Actu<\/a>.<\/p>\n","protected":false},"excerpt":{"rendered":"Par Julien Sournies Publi\u00e9 le 19 juin 2025 \u00e0 14h27 La sc\u00e8ne a certainement d\u00fb laisser bouche b\u00e9e&hellip;\n","protected":false},"author":2,"featured_media":188445,"comment_status":"","ping_status":"","sticky":false,"template":"","format":"standard","meta":{"footnotes":""},"categories":[9653],"tags":[119,1111,11,8964,2430,3542,1777,674,118,1011,27,12,25,4001],"class_list":{"0":"post-188444","1":"post","2":"type-post","3":"status-publish","4":"format-standard","5":"has-post-thumbnail","7":"category-saint-etienne","8":"tag-accident","9":"tag-actu","10":"tag-actualites","11":"tag-autoroute-47-a47","12":"tag-auvergne-rhone-alpes","13":"tag-circulation","14":"tag-eu","15":"tag-europe","16":"tag-faits-divers","17":"tag-fr","18":"tag-france","19":"tag-news","20":"tag-republique-francaise","21":"tag-saint-etienne"},"share_on_mastodon":{"url":"https:\/\/pubeurope.com\/@fr\/114710127775825594","error":""},"_links":{"self":[{"href":"https:\/\/www.europesays.com\/fr\/wp-json\/wp\/v2\/posts\/188444","targetHints":{"allow":["GET"]}}],"collection":[{"href":"https:\/\/www.europesays.com\/fr\/wp-json\/wp\/v2\/posts"}],"about":[{"href":"https:\/\/www.europesays.com\/fr\/wp-json\/wp\/v2\/types\/post"}],"author":[{"embeddable":true,"href":"https:\/\/www.europesays.com\/fr\/wp-json\/wp\/v2\/users\/2"}],"replies":[{"embeddable":true,"href":"https:\/\/www.europesays.com\/fr\/wp-json\/wp\/v2\/comments?post=188444"}],"version-history":[{"count":0,"href":"https:\/\/www.europesays.com\/fr\/wp-json\/wp\/v2\/posts\/188444\/revisions"}],"wp:featuredmedia":[{"embeddable":true,"href":"https:\/\/www.europesays.com\/fr\/wp-json\/wp\/v2\/media\/188445"}],"wp:attachment":[{"href":"https:\/\/www.europesays.com\/fr\/wp-json\/wp\/v2\/media?parent=188444"}],"wp:term":[{"taxonomy":"category","embeddable":true,"href":"https:\/\/www.europesays.com\/fr\/wp-json\/wp\/v2\/categories?post=188444"},{"taxonomy":"post_tag","embeddable":true,"href":"https:\/\/www.europesays.com\/fr\/wp-json\/wp\/v2\/tags?post=188444"}],"curies":[{"name":"wp","href":"https:\/\/api.w.org\/{rel}","templated":true}]}}