{"id":188446,"date":"2025-06-19T12:53:13","date_gmt":"2025-06-19T12:53:13","guid":{"rendered":"https:\/\/www.europesays.com\/fr\/188446\/"},"modified":"2025-06-19T12:53:13","modified_gmt":"2025-06-19T12:53:13","slug":"avec-biemba-la-danse-africaine-se-pratique-a-saint-etienne-de-montluc","status":"publish","type":"post","link":"https:\/\/www.europesays.com\/fr\/188446\/","title":{"rendered":"Avec Biemba, la danse africaine se pratique \u00e0 Saint-\u00c9tienne-de-Montluc"},"content":{"rendered":"<p>Marie Hasting est secr\u00e9taire de Biemba. Avec \u00c9meline Lourenco, pr\u00e9sidente et \u00c9lise Tijou, tr\u00e9sori\u00e8re, elle a cr\u00e9\u00e9 cette association qui a pour objectif de promouvoir la danse africaine, <a href=\"https:\/\/nantes.maville.com\/pays-de-la-loire\/loire-atlantique\/saint-etienne-de-montluc\/\" target=\"_blank\" rel=\"noopener\">\u00e0 Saint-\u00c9tienne-de-Montluc (Loire-Atlantique).<\/a> Trois questions pour en apprendre un peu plus sur l\u2019amicale.<\/p>\n<p>Comment est n\u00e9e l\u2019association Biemba\u00a0?<\/p>\n<p>J\u2019avais fait de la danse &#8230;<\/p>\n<p>\u00a0<\/p>\n","protected":false},"excerpt":{"rendered":"Marie Hasting est secr\u00e9taire de Biemba. Avec \u00c9meline Lourenco, pr\u00e9sidente et \u00c9lise Tijou, tr\u00e9sori\u00e8re, elle a cr\u00e9\u00e9 cette&hellip;\n","protected":false},"author":2,"featured_media":188447,"comment_status":"","ping_status":"","sticky":false,"template":"","format":"standard","meta":{"footnotes":""},"categories":[9653],"tags":[1111,11,21492,2430,32627,5972,1777,674,1011,27,12,32137,25,4001,30932,3272],"class_list":{"0":"post-188446","1":"post","2":"type-post","3":"status-publish","4":"format-standard","5":"has-post-thumbnail","7":"category-saint-etienne","8":"tag-actu","9":"tag-actualites","10":"tag-africaine","11":"tag-auvergne-rhone-alpes","12":"tag-biemba","13":"tag-danse","14":"tag-eu","15":"tag-europe","16":"tag-fr","17":"tag-france","18":"tag-news","19":"tag-pratique","20":"tag-republique-francaise","21":"tag-saint-etienne","22":"tag-saint-etienne-de-montluc","23":"tag-saint-nazaire"},"share_on_mastodon":{"url":"https:\/\/pubeurope.com\/@fr\/114710131748818151","error":""},"_links":{"self":[{"href":"https:\/\/www.europesays.com\/fr\/wp-json\/wp\/v2\/posts\/188446","targetHints":{"allow":["GET"]}}],"collection":[{"href":"https:\/\/www.europesays.com\/fr\/wp-json\/wp\/v2\/posts"}],"about":[{"href":"https:\/\/www.europesays.com\/fr\/wp-json\/wp\/v2\/types\/post"}],"author":[{"embeddable":true,"href":"https:\/\/www.europesays.com\/fr\/wp-json\/wp\/v2\/users\/2"}],"replies":[{"embeddable":true,"href":"https:\/\/www.europesays.com\/fr\/wp-json\/wp\/v2\/comments?post=188446"}],"version-history":[{"count":0,"href":"https:\/\/www.europesays.com\/fr\/wp-json\/wp\/v2\/posts\/188446\/revisions"}],"wp:featuredmedia":[{"embeddable":true,"href":"https:\/\/www.europesays.com\/fr\/wp-json\/wp\/v2\/media\/188447"}],"wp:attachment":[{"href":"https:\/\/www.europesays.com\/fr\/wp-json\/wp\/v2\/media?parent=188446"}],"wp:term":[{"taxonomy":"category","embeddable":true,"href":"https:\/\/www.europesays.com\/fr\/wp-json\/wp\/v2\/categories?post=188446"},{"taxonomy":"post_tag","embeddable":true,"href":"https:\/\/www.europesays.com\/fr\/wp-json\/wp\/v2\/tags?post=188446"}],"curies":[{"name":"wp","href":"https:\/\/api.w.org\/{rel}","templated":true}]}}