{"id":188448,"date":"2025-06-19T12:54:11","date_gmt":"2025-06-19T12:54:11","guid":{"rendered":"https:\/\/www.europesays.com\/fr\/188448\/"},"modified":"2025-06-19T12:54:11","modified_gmt":"2025-06-19T12:54:11","slug":"fleville-devant-nancy-fin-des-travaux-de-la-m73","status":"publish","type":"post","link":"https:\/\/www.europesays.com\/fr\/188448\/","title":{"rendered":"Fl\u00e9ville-devant-Nancy. Fin des travaux de la M73"},"content":{"rendered":"<p>La route M73 entre Fl\u00e9ville et Ludres est ferm\u00e9e depuis le 17\u00a0mars. Les travaux sont presque termin\u00e9s. Un travail de renforcement a \u00e9t\u00e9 effectu\u00e9 : 120 pieux ont \u00e9t\u00e9 install\u00e9s pour le maintien de la chauss\u00e9e suite aux mouvements de terrain d\u00fb \u00e0 la s\u00e9cheresse et aux al\u00e9as climatique. Les glissi\u00e8res de s\u00e9curit\u00e9 ont \u00e9t\u00e9 remplac\u00e9es. Une reprise partielle a \u00e9t\u00e9 faite de la chauss\u00e9e des enrob\u00e9s des parties les plus d\u00e9grad\u00e9es. Une derni\u00e8re intervention doit avoir lieu avec le marquage au sol. La r\u00e9ouverture est pr\u00e9vue ce week-end. Les riverains de la rue de Liomont vont retrouver le calme.<\/p>\n","protected":false},"excerpt":{"rendered":"La route M73 entre Fl\u00e9ville et Ludres est ferm\u00e9e depuis le 17\u00a0mars. Les travaux sont presque termin\u00e9s. Un&hellip;\n","protected":false},"author":2,"featured_media":188449,"comment_status":"","ping_status":"","sticky":false,"template":"","format":"standard","meta":{"footnotes":""},"categories":[9635],"tags":[1111,11,3542,1704,436,1777,674,9650,1011,27,775,9649,1702,12,25,2803],"class_list":{"0":"post-188448","1":"post","2":"type-post","3":"status-publish","4":"format-standard","5":"has-post-thumbnail","7":"category-nancy","8":"tag-actu","9":"tag-actualites","10":"tag-circulation","11":"tag-edition-nancy-et-agglomeration","12":"tag-environnement","13":"tag-eu","14":"tag-europe","15":"tag-fleville-devant-nancy","16":"tag-fr","17":"tag-france","18":"tag-grand-est","19":"tag-metropole-du-grand-nancy-54b2","20":"tag-nancy","21":"tag-news","22":"tag-republique-francaise","23":"tag-transport"},"share_on_mastodon":{"url":"https:\/\/pubeurope.com\/@fr\/114710135790814322","error":""},"_links":{"self":[{"href":"https:\/\/www.europesays.com\/fr\/wp-json\/wp\/v2\/posts\/188448","targetHints":{"allow":["GET"]}}],"collection":[{"href":"https:\/\/www.europesays.com\/fr\/wp-json\/wp\/v2\/posts"}],"about":[{"href":"https:\/\/www.europesays.com\/fr\/wp-json\/wp\/v2\/types\/post"}],"author":[{"embeddable":true,"href":"https:\/\/www.europesays.com\/fr\/wp-json\/wp\/v2\/users\/2"}],"replies":[{"embeddable":true,"href":"https:\/\/www.europesays.com\/fr\/wp-json\/wp\/v2\/comments?post=188448"}],"version-history":[{"count":0,"href":"https:\/\/www.europesays.com\/fr\/wp-json\/wp\/v2\/posts\/188448\/revisions"}],"wp:featuredmedia":[{"embeddable":true,"href":"https:\/\/www.europesays.com\/fr\/wp-json\/wp\/v2\/media\/188449"}],"wp:attachment":[{"href":"https:\/\/www.europesays.com\/fr\/wp-json\/wp\/v2\/media?parent=188448"}],"wp:term":[{"taxonomy":"category","embeddable":true,"href":"https:\/\/www.europesays.com\/fr\/wp-json\/wp\/v2\/categories?post=188448"},{"taxonomy":"post_tag","embeddable":true,"href":"https:\/\/www.europesays.com\/fr\/wp-json\/wp\/v2\/tags?post=188448"}],"curies":[{"name":"wp","href":"https:\/\/api.w.org\/{rel}","templated":true}]}}