{"id":188450,"date":"2025-06-19T12:56:00","date_gmt":"2025-06-19T12:56:00","guid":{"rendered":"https:\/\/www.europesays.com\/fr\/188450\/"},"modified":"2025-06-19T12:56:00","modified_gmt":"2025-06-19T12:56:00","slug":"la-chambre-regionale-des-comptes-decryptee","status":"publish","type":"post","link":"https:\/\/www.europesays.com\/fr\/188450\/","title":{"rendered":"la chambre r\u00e9gionale des comptes d\u00e9crypt\u00e9e"},"content":{"rendered":"<p>C\u2019est un personnage de l\u2019ombre. Mais qui compte \u00e9norm\u00e9ment dans l\u2019organisation de notre d\u00e9mocratie. Les \u00e9lus se crispent \u00e0 l\u2019\u00e9vocation de son nom et celle de l\u2019institution qu\u2019il g\u00e8re. Lui a une mission \u00e0 remplir.<\/p>\n<p>Christophe Strassel, pr\u00e9sident de la <a href=\"https:\/\/www.ccomptes.fr\/fr\/crc-grand-est\" target=\"_blank\" rel=\"noopener\">Chambre r\u00e9gionale des comptes Grand Est<\/a> , \u00e9tait, ce jeudi 19\u00a0mars, l\u2019invit\u00e9 des Rencontres matinales de <a href=\"https:\/\/www.estrepublicain.fr\/magazine-tourisme-et-patrimoine\/2024\/03\/17\/dans-les-coulisses-de-l-excelsior-a-nancy-une-brasserie-art-nouveau-plus-que-centenaire\" target=\"_blank\" rel=\"noopener\">L\u2019Excelsior<\/a> \u00e0 <a href=\"https:\/\/www.estrepublicain.fr\/edition-nancy-et-agglomeration\" target=\"_blank\" rel=\"noopener\">Nancy<\/a> , organis\u00e9es par SDIC Conseil, avec Ici Sud Lorraine et <a href=\"https:\/\/www.estrepublicain.fr\/\" target=\"_blank\" rel=\"noopener\">L\u2019Est R\u00e9publicain<\/a> ( <a href=\"https:\/\/www.ebra.fr\/\" target=\"_blank\" rel=\"noopener\">groupe Ebra<\/a> ).<\/p>\n<p>Durant une heure et demie, Christophe Strassel a expliqu\u00e9, en d\u00e9tail, le fonctionnement de la chambre r\u00e9gionale des comptes, organisme ind\u00e9pendant compos\u00e9 de magistrats plac\u00e9 sous l\u2019autorit\u00e9 de la Cour des comptes.<\/p>\n<p>Dans le Grand Est, la chambre, c\u2019est\u00a0: 83 agents, bas\u00e9s \u00e0 Metz\u00a0; 34,4\u00a0milliards d\u2019euros soumis \u00e0 son contr\u00f4le en 2024\u00a0; et 82\u00a0% des recommandations formul\u00e9es et mises en \u0153uvre.<\/p>\n<p>  Comit\u00e9 scientifique<\/p>\n<p>\u00ab\u00a0Notre mission, a rappel\u00e9 le pr\u00e9sident, c\u2019est de v\u00e9rifier ce qui est fait avec les finances publiques et le faire savoir aux citoyens, pour les informer, pour les \u00e9clairer. C\u2019est une question cruciale que celles de l\u2019argent public, c\u2019est m\u00eame une des questions majeures de notre temps.\u00a0\u00bb<\/p>\n<p>Christophe Strassel a pr\u00e9cis\u00e9 que \u00ab\u00a0la chambre r\u00e9gionale ne retient jamais la publication d\u2019un rapport\u00a0\u00bb, elle a l\u2019obligation de le publier, tout simplement. \u00ab\u00a0Entre le d\u00e9but et la fin d\u2019une enqu\u00eate, il nous faut huit mois\u00a0\u00bb, a indiqu\u00e9 le responsable.<\/p>\n<p>Chaque ann\u00e9e, la chambre r\u00e9gionale des comptes a, comme toute entreprise priv\u00e9e, des objectifs qu\u2019elle doit atteindre, sur un nombre de publications annuelles par exemple. Elle doit aussi r\u00e9pondre \u00e0 de nouvelles missions, comme contr\u00f4ler des politiques transversales r\u00e9gionales. Elle vient de le faire sur le <a href=\"https:\/\/www.ccomptes.fr\/fr\/publications\/evaluation-de-la-politique-de-soutien-aux-aeroports-du-grand-est\" target=\"_blank\" rel=\"noopener\">transport a\u00e9rien<\/a> \u00a0; un rapport va bient\u00f4t \u00eatre publi\u00e9 sur les transfrontaliers.<\/p>\n<p>Christophe Strassel\u00a0: \u00ab\u00a0Nous nous int\u00e9ressons \u00e0 de nouvelles questions. Comme celle du climat. Et nous \u00e9voluons. On a cr\u00e9\u00e9 un comit\u00e9 scientifique en 2024 pour cela. Pour ne pas croire ce qu\u2019on nous dit. Et comprendre.\u00a0\u00bb<\/p>\n","protected":false},"excerpt":{"rendered":"C\u2019est un personnage de l\u2019ombre. Mais qui compte \u00e9norm\u00e9ment dans l\u2019organisation de notre d\u00e9mocratie. Les \u00e9lus se crispent&hellip;\n","protected":false},"author":2,"featured_media":188451,"comment_status":"","ping_status":"","sticky":false,"template":"","format":"standard","meta":{"footnotes":""},"categories":[9635],"tags":[1111,11,1704,1777,674,1011,27,775,3457,1702,1703,12,316,3456,25,104],"class_list":{"0":"post-188450","1":"post","2":"type-post","3":"status-publish","4":"format-standard","5":"has-post-thumbnail","7":"category-nancy","8":"tag-actu","9":"tag-actualites","10":"tag-edition-nancy-et-agglomeration","11":"tag-eu","12":"tag-europe","13":"tag-fr","14":"tag-france","15":"tag-grand-est","16":"tag-meurthe-et-moselle","17":"tag-nancy","18":"tag-nancy-ville-54b","19":"tag-news","20":"tag-politique","21":"tag-region-lorraine","22":"tag-republique-francaise","23":"tag-societe"},"share_on_mastodon":{"url":"https:\/\/pubeurope.com\/@fr\/114710143732724382","error":""},"_links":{"self":[{"href":"https:\/\/www.europesays.com\/fr\/wp-json\/wp\/v2\/posts\/188450","targetHints":{"allow":["GET"]}}],"collection":[{"href":"https:\/\/www.europesays.com\/fr\/wp-json\/wp\/v2\/posts"}],"about":[{"href":"https:\/\/www.europesays.com\/fr\/wp-json\/wp\/v2\/types\/post"}],"author":[{"embeddable":true,"href":"https:\/\/www.europesays.com\/fr\/wp-json\/wp\/v2\/users\/2"}],"replies":[{"embeddable":true,"href":"https:\/\/www.europesays.com\/fr\/wp-json\/wp\/v2\/comments?post=188450"}],"version-history":[{"count":0,"href":"https:\/\/www.europesays.com\/fr\/wp-json\/wp\/v2\/posts\/188450\/revisions"}],"wp:featuredmedia":[{"embeddable":true,"href":"https:\/\/www.europesays.com\/fr\/wp-json\/wp\/v2\/media\/188451"}],"wp:attachment":[{"href":"https:\/\/www.europesays.com\/fr\/wp-json\/wp\/v2\/media?parent=188450"}],"wp:term":[{"taxonomy":"category","embeddable":true,"href":"https:\/\/www.europesays.com\/fr\/wp-json\/wp\/v2\/categories?post=188450"},{"taxonomy":"post_tag","embeddable":true,"href":"https:\/\/www.europesays.com\/fr\/wp-json\/wp\/v2\/tags?post=188450"}],"curies":[{"name":"wp","href":"https:\/\/api.w.org\/{rel}","templated":true}]}}