{"id":188454,"date":"2025-06-19T12:58:12","date_gmt":"2025-06-19T12:58:12","guid":{"rendered":"https:\/\/www.europesays.com\/fr\/188454\/"},"modified":"2025-06-19T12:58:12","modified_gmt":"2025-06-19T12:58:12","slug":"de-jr-a-banksy-le-street-art-sinvite-au-musee-dart-de-toulon","status":"publish","type":"post","link":"https:\/\/www.europesays.com\/fr\/188454\/","title":{"rendered":"De JR \u00e0 Banksy, le street art s\u2019invite au mus\u00e9e d\u2019Art de Toulon"},"content":{"rendered":"<p><img loading=\"lazy\" decoding=\"async\" alt=\"\u00a9 S. Foliot - L\u2019\u0153uvre &quot;La Petite Fille au ballon&quot; de Banksy sera expos\u00e9e jusqu'au 5 octobre.\u00a0\" data-zoom-src=\"https:\/\/www.europesays.com\/fr\/wp-content\/uploads\/2025\/06\/initial-ballon-girl-banksy-toulon-musee-art.jpg\" data-zoomable=\"\" height=\"702\" src=\"https:\/\/www.europesays.com\/fr\/wp-content\/uploads\/2025\/06\/initial-ballon-girl-banksy-toulon-musee-art.jpg\" width=\"1248\"\/>  <\/p>\n<p class=\"article-desc\">\u00a9 S. Foliot &#8211; L\u2019\u0153uvre \u00ab\u00a0La Petite Fille au ballon\u00a0\u00bb de Banksy sera expos\u00e9e jusqu&rsquo;au 5 octobre.\u00a0 <\/p>\n<p>Pr\u00e8s de<strong> 80 \u0153uvres issues du street art<\/strong> seront visibles pendant jusqu&rsquo;au 5 octobre au mus\u00e9e d\u2019art de Toulon (MAT). L&rsquo;exposition \u00ab\u00a0Banksy, une (R)\u00e9volution\u00a0\u00bb retrace les diff\u00e9rentes \u00e9tapes dans l\u2019\u00e9volution de<strong> l\u2019art urbain<\/strong>, de sa naissance dans les ann\u00e9es 1970 \u00e0 sa cons\u00e9cration avec <strong>l\u2019artiste anonyme le plus connu au monde : Banksy<\/strong>. <\/p>\n<blockquote>\n<p>\u00ab\u00a0Ce qui nous int\u00e9ressait vraiment dans la conception de cette exposition, c&rsquo;\u00e9tait de montrer l&rsquo;histoire et les id\u00e9es de ce mouvement \u00bb explique Tiphaine Musset, attach\u00e9e de conservation au MAT. <\/p>\n<\/blockquote>\n<p>  Plong\u00e9e dans l&rsquo;histoire du street art <\/p>\n<p>L\u2019exposition est donc pens\u00e9e comme un<strong> parcours \u00e0 la fois historique et th\u00e9matique<\/strong>. Si la premi\u00e8re salle plonge le visiteur dans l\u2019ambiance des m\u00e9tros new-yorkais avec un hommage aux writers, graffeurs qui taguent leur nom d\u2019artiste, la suite l&#8217;emm\u00e8ne dans l\u2019univers urbain fran\u00e7ais, italien et enfin anglais avec Banksy. <\/p>\n<p>Tout au long du parcours, des artistes internationaux comme <strong>Keith Haring <\/strong>et <strong>Jean-Michel Basquiat<\/strong> mais aussi fran\u00e7ais comme <strong>Blek le Rat, Miss.Tic et G\u00e9rard Zlotykamien<\/strong> recouvrent les salles de leurs \u0153uvres habituellement tenues \u00e0 l&rsquo;\u00e9cart des mus\u00e9es.<\/p>\n<p>  \u00ab\u00a0La Petite Fille au ballon\u00a0\u00bb, une \u0153uvre embl\u00e9matique de Banksy <\/p>\n<p>Banksy signe la moiti\u00e9 des \u0153uvres de l&rsquo;exposition, compos\u00e9e en coproduction par la soci\u00e9t\u00e9 italienne 24 Ore Cultura \u00e0 partir de collections priv\u00e9es.\u00a0Parmi elles, <strong>la c\u00e9l\u00e8bre \u00ab\u00a0La Petite Fille au ballon\u00a0\u00bb<\/strong> qui montre une enfant l\u00e2chant un ballon rouge en forme de c\u0153ur. <\/p>\n<blockquote>\n<p>\u00ab\u00a0Dans l&rsquo;\u0153uvre de Banksy, en g\u00e9n\u00e9ral, il y a toujours cette notion d&rsquo;espoir qui \u00e9merge. Malgr\u00e9 des \u0153uvres assez dures, La Petite Fille au ballon est peut-\u00eatre celle qui nous permet de respirer le plus facilement \u00bb commente Tiphaine Musset. <\/p>\n<\/blockquote>\n<p>  <img decoding=\"async\" alt=\"\" class=\"img-size-full\" data-zoomable=\"\" loading=\"lazy\" src=\"https:\/\/www.europesays.com\/fr\/wp-content\/uploads\/2025\/06\/banksy-toulon-musee-art.jpg\" width=\"100%\"\/> \u00a9 S. Foliot &#8211; Tiphaine Musset, attach\u00e9e de conservation au mus\u00e9e d&rsquo;art, pr\u00e9sente l&rsquo;exposition. <\/p>\n<p><strong>Trois espaces sont r\u00e9serv\u00e9s \u00e0 l\u2019artiste<\/strong> afin de rester le plus fid\u00e8le \u00e0 son univers : Banksy, l\u2019ic\u00f4ne anticapitaliste, Banksy le pacifiste et enfin Banksy et la musique. <\/p>\n<p> Un focus sur Ernest Pignon-Ernest <\/p>\n<p>A l\u2019\u00e9tage, une salle est r\u00e9serv\u00e9e au <strong>Fran\u00e7ais Ernest Pignon-Ernest<\/strong>, artiste engag\u00e9 pr\u00e9curseur de l\u2019art urbain. Sa premi\u00e8re intervention reconnue a lieu en 1966 lorsqu\u2019il d\u00e9nonce, \u00e0 travers une peinture en pochoir, l\u2019installation d\u2019une base militaire \u00e0 port\u00e9e nucl\u00e9aire. Il est devenu par la suite mondialement connu pour ses portraits d\u2019auteurs majeurs comme Ma\u00efakovski, Rimbaud et Pasolini.<\/p>\n<p>Pour le MAT, la mise en avant de cet artiste est un moyen de <strong>valoriser son propre fonds de conservation<\/strong> tout en faisant un lien avec le street art engag\u00e9. <\/p>\n<p>Loin de rester clo\u00eetr\u00e9 au mus\u00e9e, l\u2019exposition, qui attend pas moins de <strong>55 000 visiteurs,<\/strong> dispose d&rsquo;un rayonnement sp\u00e9cial avec des \u00e9v\u00e9nements pr\u00e9vus tout au long de l\u2019\u00e9t\u00e9 dans la ville. Les <strong>Escales toulonnaises<\/strong>, qui auront lieu les vendredis entre le 18 juillet et le 8 ao\u00fbt, accueilleront sur les quais du port de Toulon de 19 h \u00e0 minuit des <strong>espaces d\u00e9di\u00e9s \u00e0 la street culture et aux arts urbains.<\/strong> <\/p>\n<p>\u00ab\u00a0Banksy, une (R)\u00e9volution\u00a0\u00bb au mus\u00e9e d&rsquo;art de Toulon <\/p>\n<p>Du mardi au dimanche, de 12 h \u00e0 18 h <\/p>\n<p>Tarif : 7 euros<\/p>\n","protected":false},"excerpt":{"rendered":"\u00a9 S. Foliot &#8211; L\u2019\u0153uvre \u00ab\u00a0La Petite Fille au ballon\u00a0\u00bb de Banksy sera expos\u00e9e jusqu&rsquo;au 5 octobre.\u00a0 Pr\u00e8s&hellip;\n","protected":false},"author":2,"featured_media":188455,"comment_status":"","ping_status":"","sticky":false,"template":"","format":"standard","meta":{"footnotes":""},"categories":[9619],"tags":[1111,11,7190,1777,674,1011,27,32630,12,882,25,7189,2310],"class_list":{"0":"post-188454","1":"post","2":"type-post","3":"status-publish","4":"format-standard","5":"has-post-thumbnail","7":"category-toulon","8":"tag-actu","9":"tag-actualites","10":"tag-banksy","11":"tag-eu","12":"tag-europe","13":"tag-fr","14":"tag-france","15":"tag-musu00e9e-dart-de-toulon","16":"tag-news","17":"tag-provence-alpes-cote-dazur","18":"tag-republique-francaise","19":"tag-street-art","20":"tag-toulon"},"share_on_mastodon":{"url":"https:\/\/pubeurope.com\/@fr\/114710151447353050","error":""},"_links":{"self":[{"href":"https:\/\/www.europesays.com\/fr\/wp-json\/wp\/v2\/posts\/188454","targetHints":{"allow":["GET"]}}],"collection":[{"href":"https:\/\/www.europesays.com\/fr\/wp-json\/wp\/v2\/posts"}],"about":[{"href":"https:\/\/www.europesays.com\/fr\/wp-json\/wp\/v2\/types\/post"}],"author":[{"embeddable":true,"href":"https:\/\/www.europesays.com\/fr\/wp-json\/wp\/v2\/users\/2"}],"replies":[{"embeddable":true,"href":"https:\/\/www.europesays.com\/fr\/wp-json\/wp\/v2\/comments?post=188454"}],"version-history":[{"count":0,"href":"https:\/\/www.europesays.com\/fr\/wp-json\/wp\/v2\/posts\/188454\/revisions"}],"wp:featuredmedia":[{"embeddable":true,"href":"https:\/\/www.europesays.com\/fr\/wp-json\/wp\/v2\/media\/188455"}],"wp:attachment":[{"href":"https:\/\/www.europesays.com\/fr\/wp-json\/wp\/v2\/media?parent=188454"}],"wp:term":[{"taxonomy":"category","embeddable":true,"href":"https:\/\/www.europesays.com\/fr\/wp-json\/wp\/v2\/categories?post=188454"},{"taxonomy":"post_tag","embeddable":true,"href":"https:\/\/www.europesays.com\/fr\/wp-json\/wp\/v2\/tags?post=188454"}],"curies":[{"name":"wp","href":"https:\/\/api.w.org\/{rel}","templated":true}]}}