{"id":188458,"date":"2025-06-19T13:00:14","date_gmt":"2025-06-19T13:00:14","guid":{"rendered":"https:\/\/www.europesays.com\/fr\/188458\/"},"modified":"2025-06-19T13:00:14","modified_gmt":"2025-06-19T13:00:14","slug":"panne-dun-train-la-circulation-fortement-perturbee-entre-montpellier-et-sete","status":"publish","type":"post","link":"https:\/\/www.europesays.com\/fr\/188458\/","title":{"rendered":"panne d&rsquo;un train, la circulation fortement perturb\u00e9e entre Montpellier et S\u00e8te"},"content":{"rendered":"<p>\n\t\t\t\t\tUn train de marchandise est tomb\u00e9 en panne ce jeudi 19 juin entre Montpellier et S\u00e8te, perturbant ainsi la circulation.\t\t\t\t<\/p>\n<p>\n\t\t\t\t\t\t\t\t\t\u00a9 Illustration \/ Le train est tomb\u00e9 en panne entre Montpellier et S\u00e8te.\t\t\t\t\t\t\t\t<\/p>\n<p>Le train de marchandises est tomb\u00e9 en <strong>panne <\/strong>aux alentours de <strong>14 heures<\/strong>, ce jeudi, sur l\u2019axe ferroviaire <a href=\"https:\/\/infoccitanie.fr\/tag\/montpellier\/\" rel=\"nofollow noopener\" target=\"_blank\">Montpellier <\/a>\u2013 <a href=\"https:\/\/infoccitanie.fr\/tag\/sete\/\" rel=\"nofollow noopener\" target=\"_blank\">S\u00e8te<\/a>. LiO Train SNCF Occitanie annonce que la circulation des trains est fortement perturb\u00e9e entre les deux villes. <\/p>\n<p><strong>Le trafic devrait reprendre normalement une fois le train d\u00e9pann\u00e9.<\/strong><\/p>\n<blockquote class=\"twitter-tweet\" data-width=\"500\" data-dnt=\"true\">\n<p lang=\"fr\" dir=\"ltr\">\ud83d\udd3414h10 [S\u00e8te\u2194\ufe0fMontpellier]<\/p>\n<p>Un train de marchandises est tomb\u00e9 en panne entre S\u00e8te &amp; Montpellier.<br \/>\u26a0\ufe0fLe trafic est fortement perturb\u00e9 le temps qu&rsquo;il soit d\u00e9pann\u00e9<\/p>\n<p>\u2795d&rsquo;infos \u2935\ufe0f <a href=\"https:\/\/t.co\/fKrdRrhyDd\" target=\"_blank\" rel=\"nofollow\">pic.twitter.com\/fKrdRrhyDd<\/a><\/p>\n<p>\u2014 liO Train SNCF Occitanie (@lio_train_sncf) <a href=\"https:\/\/twitter.com\/lio_train_sncf\/status\/1935671677569958262?ref_src=twsrc%5Etfw\" target=\"_blank\" rel=\"nofollow noopener\">June 19, 2025<\/a><\/p><\/blockquote>\n<p>\t\t\t\t<script async src=\"https:\/\/platform.twitter.com\/widgets.js\" charset=\"utf-8\"><\/script><\/p>\n","protected":false},"excerpt":{"rendered":"Un train de marchandise est tomb\u00e9 en panne ce jeudi 19 juin entre Montpellier et S\u00e8te, perturbant ainsi&hellip;\n","protected":false},"author":2,"featured_media":188459,"comment_status":"","ping_status":"","sticky":false,"template":"","format":"standard","meta":{"footnotes":""},"categories":[9599],"tags":[1111,11,1777,674,1011,27,2208,12,2680,25,14042],"class_list":{"0":"post-188458","1":"post","2":"type-post","3":"status-publish","4":"format-standard","5":"has-post-thumbnail","7":"category-montpellier","8":"tag-actu","9":"tag-actualites","10":"tag-eu","11":"tag-europe","12":"tag-fr","13":"tag-france","14":"tag-montpellier","15":"tag-news","16":"tag-occitanie","17":"tag-republique-francaise","18":"tag-sete"},"share_on_mastodon":{"url":"https:\/\/pubeurope.com\/@fr\/114710159251571321","error":""},"_links":{"self":[{"href":"https:\/\/www.europesays.com\/fr\/wp-json\/wp\/v2\/posts\/188458","targetHints":{"allow":["GET"]}}],"collection":[{"href":"https:\/\/www.europesays.com\/fr\/wp-json\/wp\/v2\/posts"}],"about":[{"href":"https:\/\/www.europesays.com\/fr\/wp-json\/wp\/v2\/types\/post"}],"author":[{"embeddable":true,"href":"https:\/\/www.europesays.com\/fr\/wp-json\/wp\/v2\/users\/2"}],"replies":[{"embeddable":true,"href":"https:\/\/www.europesays.com\/fr\/wp-json\/wp\/v2\/comments?post=188458"}],"version-history":[{"count":0,"href":"https:\/\/www.europesays.com\/fr\/wp-json\/wp\/v2\/posts\/188458\/revisions"}],"wp:featuredmedia":[{"embeddable":true,"href":"https:\/\/www.europesays.com\/fr\/wp-json\/wp\/v2\/media\/188459"}],"wp:attachment":[{"href":"https:\/\/www.europesays.com\/fr\/wp-json\/wp\/v2\/media?parent=188458"}],"wp:term":[{"taxonomy":"category","embeddable":true,"href":"https:\/\/www.europesays.com\/fr\/wp-json\/wp\/v2\/categories?post=188458"},{"taxonomy":"post_tag","embeddable":true,"href":"https:\/\/www.europesays.com\/fr\/wp-json\/wp\/v2\/tags?post=188458"}],"curies":[{"name":"wp","href":"https:\/\/api.w.org\/{rel}","templated":true}]}}