{"id":188460,"date":"2025-06-19T13:01:27","date_gmt":"2025-06-19T13:01:27","guid":{"rendered":"https:\/\/www.europesays.com\/fr\/188460\/"},"modified":"2025-06-19T13:01:27","modified_gmt":"2025-06-19T13:01:27","slug":"les-bouchons-plastiques-peuvent-changer-des-vies-les-eleves-digoville-sengagent","status":"publish","type":"post","link":"https:\/\/www.europesays.com\/fr\/188460\/","title":{"rendered":"Les bouchons plastiques peuvent changer des vies : les \u00e9l\u00e8ves d\u2019Igoville s\u2019engagent\u00a0!"},"content":{"rendered":"<p>            Par<br \/>\n        <strong><br \/>\n            <a href=\"https:\/\/actu.fr\/auteur\/journaliste-louviers\" title=\"Consulter tous les articles de R\u00e9daction Louviers\" target=\"_blank\" rel=\"noopener\">R\u00e9daction Louviers<\/a><br \/>\n        <\/strong><\/p>\n<p>        Publi\u00e9 le<\/p>\n<p>            19 juin 2025 \u00e0 10h25        <\/p>\n<p>Vendredi 13 juin 2025, les \u00e9l\u00e8ves de l\u2019\u00e9cole \u00e9l\u00e9mentaire d\u2019<a href=\"https:\/\/actu.fr\/normandie\/igoville_27348\" target=\"_blank\" rel=\"noopener\">Igoville<\/a> (Eure) ont re\u00e7u une <b>visite instructive : celle de l\u2019association Bouchons 276<\/b>, repr\u00e9sent\u00e9e par son pr\u00e9sident Dab Delaporte et l\u2019un de ses b\u00e9n\u00e9voles. Tout au long de la journ\u00e9e, les \u00e9l\u00e8ves du CP au CM2 ont \u00e9t\u00e9 sensibilis\u00e9s \u00e0 une cause \u00e0 la fois simple et solidaire : la<b> c<\/b><b>ollecte de bouchons plastiques<\/b> pour venir en aide aux <b>personnes en situation de handicap.<\/b><\/p>\n<p class=\" wall-content\">Cr\u00e9\u00e9e en 2003, l\u2019association Bouchons 276 \u0153uvre <b>depuis plus de 20 ans<\/b> pour transformer un geste du quotidien en levier de solidarit\u00e9. Elle collecte des bouchons de bouteilles et les <b>revend \u00e0 une entreprise de recyclage<\/b>. L\u2019argent obtenu est ensuite revers\u00e9 sous forme d\u2019aides financi\u00e8res \u00e0 des personnes handicap\u00e9es, pour leur permettre de <b>s\u2019\u00e9quiper, s\u2019adapter ou simplement mieux vivre leur quotidien.<\/b><\/p>\n<p class=\" wall-content\">\u00ab Beaucoup pensent que les bouchons que nous collectons servent uniquement \u00e0 fabriquer des fauteuils roulants. C\u2019est faux. En r\u00e9alit\u00e9, ils permettent de financer des <b>projets tr\u00e8s vari\u00e9s<\/b> \u00bb, explique Dab Delaporte, tr\u00e8s investi dans la p\u00e9dagogie autour de cette action.<\/p>\n<p class=\" wall-content\">Par exemple, les financements servent aussi bien \u00e0 financer des monte-escaliers, des am\u00e9nagements de v\u00e9hicules ou de logements, du mat\u00e9riel m\u00e9dical ou encore l\u2019\u00e9ducation de chiens d\u2019assistance.<\/p>\n<p class=\" wall-content\">En 2024, <b>36\u00a0personnes ont ainsi pu b\u00e9n\u00e9ficier d\u2019un soutien financier<\/b>, pour un <b>montant total de 50 650\u00a0euros<\/b>. Un chiffre qui d\u00e9montre la force de cette cha\u00eene de solidarit\u00e9, rendue possible gr\u00e2ce \u00e0 une centaine de b\u00e9n\u00e9voles r\u00e9partis sur toute la r\u00e9gion.<\/p>\n<p>Vid\u00e9os : en ce moment sur ActuLes \u00e9l\u00e8ves comme\u00a0moteur du changement<\/p>\n<p class=\" wall-content\">L\u2019\u00e9cole d\u2019Igoville n\u2019a pas accueilli cette initiative par hasard. Elle est <b>d\u00e9j\u00e0 engag\u00e9e dans une d\u00e9marche de sensibilisation \u00e9cologique<\/b>. \u00ab L\u2019objectif est de faire participer les enfants \u00e0 des projets qui ont du sens, o\u00f9 ils se sentent vraiment utiles. Il faut que cela soit <b>participatif<\/b> \u00bb, insiste Laur\u00e8ne Ouine, directrice de l\u2019\u00e9tablissement.<\/p>\n<p class=\" wall-content\">Depuis le d\u00e9but de la semaine, un point de collecte de bouchons a \u00e9t\u00e9 install\u00e9 \u00e0 l\u2019\u00e9cole, et un travail pr\u00e9paratoire a \u00e9t\u00e9 men\u00e9 en classe pour aborder la<b> th\u00e9matique du handicap et de la solidarit\u00e9<\/b>.<\/p>\n<p>    <img   decoding=\"async\" loading=\"lazy\" class=\"size-large\" src=\"https:\/\/www.europesays.com\/fr\/wp-content\/uploads\/2025\/06\/bfa972e6ef486a4b972e6ef4888b97v-960x640.jpg\" alt=\"Les \u00e9l\u00e8ves avaient r\u00e9colt\u00e9s de nombreux bouchons pour l'occasion\" width=\"960\" height=\"640\"\/><br \/>\n    Les \u00e9l\u00e8ves avaient r\u00e9colt\u00e9 de nombreux bouchons pour l\u2019occasion \u00a9La D\u00e9p\u00eache de Louviers \u2013 Lukas Neubauer<\/p>\n<p class=\" wall-content\">Ce projet s\u2019inscrit dans une continuit\u00e9 : pendant les vacances scolaires, des d\u00e9fis \u00e9cologiques avaient d\u00e9j\u00e0 \u00e9t\u00e9 propos\u00e9s aux \u00e9l\u00e8ves, comme planter des fruits et l\u00e9gumes dans le jardin, identifier des oiseaux ou encore cuisiner avec des produits de saison. Autant d\u2019actions concr\u00e8tes, qui visent \u00e0 d\u00e9velopper une <b>conscience environnementale<\/b> d\u00e8s le plus jeune \u00e2ge.<\/p>\n<p>Une chute inqui\u00e9tante<\/p>\n<p class=\" wall-content\">Malgr\u00e9 ces exemples d\u2019engagement, Dab Delaporte tire aujourd\u2019hui la <b>sonnette d\u2019alarme<\/b>. Depuis le d\u00e9but de l\u2019ann\u00e9e 2025, <b>seulement 38\u00a0tonnes de bouchons<\/b> ont \u00e9t\u00e9 collect\u00e9es par l\u2019association, contre <b>pr\u00e8s de 100\u00a0tonnes \u00e0 la m\u00eame p\u00e9riode en 2024<\/b>. \u00ab C\u2019est une chute que l\u2019on doit en grande partie \u00e0 la r\u00e9glementation europ\u00e9enne mise en place en juillet dernier \u00bb, explique-t-il.<\/p>\n<p class=\" wall-content\">En effet, cette loi impose d\u00e9sormais aux fabricants d\u2019attacher les bouchons aux bouteilles pour \u00e9viter leur dispersion dans la nature. Un geste \u00e9cologique en th\u00e9orie, mais qui r<b>end la collecte plus difficile<\/b>, voire d\u00e9courageante pour certains.<\/p>\n<p class=\" wall-content\">Autre probl\u00e8me : un <b>manque de projets \u00e0 financer<\/b>, paradoxalement. \u00ab La plupart des gens ignorent ce que deviennent les bouchons alors qu\u2019en r\u00e9alit\u00e9, on finance plein de projets. C\u2019est pour cela que les actions de sensibilisation sont plus que jamais n\u00e9cessaires \u00bb, insiste le pr\u00e9sident.<\/p>\n<p>Sensibiliser pour relancer la dynamique<\/p>\n<p class=\" wall-content\">C\u2019est dans ce contexte que Dab Delaporte <b>multiplie les interventions<\/b> comme celle \u00e0 Igoville, dans les \u00e9coles, les entreprises, ou encore lors d\u2019\u00e9v\u00e9nements sportifs ou associatifs.<\/p>\n<p class=\" wall-content\">Son objectif : <b>relancer la dynamique<\/b>, rappeler l\u2019importance du geste, et faire conna\u00eetre les actions de Bouchon 276 pour attirer aussi de nouveaux projets \u00e0 soutenir.<\/p>\n<p class=\" wall-content\">\u00ab Sensibiliser les jeunes, c\u2019est essentiel. Ce sont nos <b>ambassadeurs<\/b> \u00bb, conclut-il. \u00c0 Igoville, ce message semble avoir \u00e9t\u00e9 bien entendu. \u00c0 en juger l\u2019enthousiasme des enfants, la rel\u00e8ve est d\u00e9j\u00e0 assur\u00e9e.<\/p>\n<p class=\" wall-content\"><b>De notre stagiaire, Lukas Neubauer<\/b><\/p>\n<p class=\" wall-content\">Suivez toute l\u2019actualit\u00e9 de vos villes et m\u00e9dias favoris en vous inscrivant \u00e0 <a href=\"https:\/\/moncompte.actu.fr\" title=\"D\u00e9couvez Mon Actu\" rel=\"nofollow noopener\" data-trk=\"{&quot;cta&quot;:{&quot;action&quot;:&quot;https:\\\/\\\/moncompte.actu.fr&quot;,&quot;category&quot;:&quot;mon compte&quot;,&quot;from&quot;:&quot;article footer&quot;,&quot;name&quot;:&quot;Mon actu&quot;,&quot;type&quot;:&quot;cta&quot;}}\" target=\"_blank\">Mon Actu<\/a>.<\/p>\n","protected":false},"excerpt":{"rendered":"Par R\u00e9daction Louviers Publi\u00e9 le 19 juin 2025 \u00e0 10h25 Vendredi 13 juin 2025, les \u00e9l\u00e8ves de l\u2019\u00e9cole&hellip;\n","protected":false},"author":2,"featured_media":188461,"comment_status":"","ping_status":"","sticky":false,"template":"","format":"standard","meta":{"footnotes":""},"categories":[9587],"tags":[1111,11,1777,674,1011,27,1943,12,5161,25,9590,104,3400],"class_list":{"0":"post-188460","1":"post","2":"type-post","3":"status-publish","4":"format-standard","5":"has-post-thumbnail","7":"category-rouen","8":"tag-actu","9":"tag-actualites","10":"tag-eu","11":"tag-europe","12":"tag-fr","13":"tag-france","14":"tag-handicap","15":"tag-news","16":"tag-normandie","17":"tag-republique-francaise","18":"tag-rouen","19":"tag-societe","20":"tag-solidarite"},"share_on_mastodon":{"url":"https:\/\/pubeurope.com\/@fr\/114710163167553850","error":""},"_links":{"self":[{"href":"https:\/\/www.europesays.com\/fr\/wp-json\/wp\/v2\/posts\/188460","targetHints":{"allow":["GET"]}}],"collection":[{"href":"https:\/\/www.europesays.com\/fr\/wp-json\/wp\/v2\/posts"}],"about":[{"href":"https:\/\/www.europesays.com\/fr\/wp-json\/wp\/v2\/types\/post"}],"author":[{"embeddable":true,"href":"https:\/\/www.europesays.com\/fr\/wp-json\/wp\/v2\/users\/2"}],"replies":[{"embeddable":true,"href":"https:\/\/www.europesays.com\/fr\/wp-json\/wp\/v2\/comments?post=188460"}],"version-history":[{"count":0,"href":"https:\/\/www.europesays.com\/fr\/wp-json\/wp\/v2\/posts\/188460\/revisions"}],"wp:featuredmedia":[{"embeddable":true,"href":"https:\/\/www.europesays.com\/fr\/wp-json\/wp\/v2\/media\/188461"}],"wp:attachment":[{"href":"https:\/\/www.europesays.com\/fr\/wp-json\/wp\/v2\/media?parent=188460"}],"wp:term":[{"taxonomy":"category","embeddable":true,"href":"https:\/\/www.europesays.com\/fr\/wp-json\/wp\/v2\/categories?post=188460"},{"taxonomy":"post_tag","embeddable":true,"href":"https:\/\/www.europesays.com\/fr\/wp-json\/wp\/v2\/tags?post=188460"}],"curies":[{"name":"wp","href":"https:\/\/api.w.org\/{rel}","templated":true}]}}